{"id":996,"date":"2014-01-07T14:58:34","date_gmt":"2014-01-07T13:58:34","guid":{"rendered":"http:\/\/blog.litsee.com\/?p=996"},"modified":"2020-05-14T10:01:31","modified_gmt":"2020-05-14T08:01:31","slug":"2014-un-air-dhimalaya","status":"publish","type":"post","link":"https:\/\/paulinedumail.com\/index.php\/2014\/01\/07\/2014-un-air-dhimalaya\/","title":{"rendered":"2014 : L&rsquo;ANNE DU NARD DE L&rsquo;HIMALAYA"},"content":{"rendered":"\n[et_pb_section fb_built=\u00a0\u00bb1&Prime; _builder_version=\u00a0\u00bb3.22&Prime;][et_pb_row _builder_version=\u00a0\u00bb3.25&Prime; background_size=\u00a0\u00bbinitial\u00a0\u00bb background_position=\u00a0\u00bbtop_left\u00a0\u00bb background_repeat=\u00a0\u00bbrepeat\u00a0\u00bb][et_pb_column type=\u00a0\u00bb4_4&Prime; _builder_version=\u00a0\u00bb3.25&Prime; custom_padding=\u00a0\u00bb|||\u00a0\u00bb custom_padding__hover=\u00a0\u00bb|||\u00a0\u00bb][et_pb_text _builder_version=\u00a0\u00bb3.27.4&Prime; background_size=\u00a0\u00bbinitial\u00a0\u00bb background_position=\u00a0\u00bbtop_left\u00a0\u00bb background_repeat=\u00a0\u00bbrepeat\u00a0\u00bb]<div>\n<div><a href=\"http:\/\/www.litsee.com\/huiles-essentielles\/380-nard-de-l-himalaya.html\"><img loading=\"lazy\" decoding=\"async\" src=\"http:\/\/img.ymlp.com\/v9ae_nard2.jpg\" alt=\"\" width=\"184\" height=\"360\" align=\"left\"><\/a>L\u2019ann\u00e9e de la v\u00e9rit\u00e9 profonde et int\u00e9rieure. Celle o\u00f9 ce qui est sera dans sa plus simple expression. L\u2019ann\u00e9e de la concr\u00e9tisation du VRAI. L\u2019ann\u00e9e o\u00f9 les fondations s\u2019\u00e9rigeront hors de terre, o\u00f9 les racines profond\u00e9ment ancr\u00e9es donneront aux jeunes pousses la force sereine, tranquille et harmonieuse de sortir de terre et de se jeter dans la vie comme une \u00e9vidence.<\/div>\n<div>&nbsp;<\/div>\n<div>Bienvenus dans le monde du Nard de l&rsquo;Himalaya, notre huile tut\u00e9laire 2014.<\/div>\n<div>Attention, nez d\u00e9licats et profanes, le nard peut choquer\u2026 et m\u00eame repousser.<\/div>\n<div>Lorsque je travaille le nard dans mon atelier et que je remonte d\u2019un \u00e9tage pour rejoindre ma petite famille, il n\u2019est pas rare que mon mari me regarde d\u2019un air soucieux et dubitatif, et me demande si c\u2019est lui ou moi qui pue des pieds\u2026<\/div>\n<div>Et pourtant, quand on l\u2019a apprivois\u00e9, il est magnifique. Il est la V\u00e9rit\u00e9, il est celui qui vous redresse et vous r\u00e9v\u00e8le votre propre essence. Il &nbsp;peut aussi \u00eatre implacable, envers ceux qui se mentent \u00e0 eux-m\u00eames, car il ne laisse aucune place au faux.<\/div>\n<div>&nbsp;<\/div>\n<div>Tr\u00e8s peu de parfumeurs l\u2019utilisent. Il est r\u00e9put\u00e9 pour \u00eatre tr\u00e8s difficile \u00e0 rendre harmonieux. En 2013, toutes nos cr\u00e9ations contenaient du bois de santal. En 2014, toutes nos cr\u00e9ations contiendront du nard. Challenge, vous avez dit Challenge&nbsp;?<\/div>\n<div>On le rel\u00e8ve, avec Val\u00e9rie.<\/div>\n<div>&nbsp;<\/div>\n<div>Je vous souhaite de cueillir vos r\u00eaves en 2014, et de d\u00e9guster au pr\u00e9sent chacune de vos cueillettes comme elle le m\u00e9rite.<\/div>\n<div>&nbsp;<\/div>\n<div>Bonne Ann\u00e9e, et au plaisir de vous croiser et de s\u2019octroyer ensemble le temps d\u2019une respiration parfum\u00e9e.<\/div>\n<\/div>\n<div>&nbsp;<\/div>\n<div>&nbsp;Pauline Dumail<\/div>\n<p><\/p>\n\n<!-- divi:block {\"ref\":14675} \/-->[\/et_pb_text][et_pb_button button_url=\u00a0\u00bbhttps:\/\/paulinedumail.com\/index.php\/blog\/\u00a0\u00bb button_text=\u00a0\u00bbPublications du blog\u00a0\u00bb button_alignment=\u00a0\u00bbleft\u00a0\u00bb _builder_version=\u00a0\u00bb4.4.5&Prime; custom_button=\u00a0\u00bbon\u00a0\u00bb button_text_size=\u00a0\u00bb16px\u00a0\u00bb][\/et_pb_button][\/et_pb_column][\/et_pb_row][\/et_pb_section]\n","protected":false},"excerpt":{"rendered":"<p>Bienvenus dans le monde du Nard de l&rsquo;Himalaya, notre huile tut\u00e9laire 2014.<br \/>\nIl est la V\u00e9rit\u00e9, il est celui qui vous redresse et vous r\u00e9v\u00e8le votre propre essence. Il  peut aussi \u00eatre implacable, envers ceux qui se mentent \u00e0 eux-m\u00eames, car il ne laisse aucune place au faux.<\/p>\n","protected":false},"author":1,"featured_media":0,"comment_status":"open","ping_status":"open","sticky":false,"template":"","format":"standard","meta":{"_et_pb_use_builder":"on","_et_pb_old_content":"<div>\n<div><a href=\"http:\/\/www.litsee.com\/huiles-essentielles\/380-nard-de-l-himalaya.html\"><img src=\"http:\/\/img.ymlp.com\/v9ae_nard2.jpg\" alt=\"\" width=\"184\" height=\"360\" align=\"left\"><\/a>L\u2019ann\u00e9e de la v\u00e9rit\u00e9 profonde et int\u00e9rieure. Celle o\u00f9 ce qui est sera dans sa plus simple expression. L\u2019ann\u00e9e de la concr\u00e9tisation du VRAI. L\u2019ann\u00e9e o\u00f9 les fondations s\u2019\u00e9rigeront hors de terre, o\u00f9 les racines profond\u00e9ment ancr\u00e9es donneront aux jeunes pousses la force sereine, tranquille et harmonieuse de sortir de terre et de se jeter dans la vie comme une \u00e9vidence.<\/div>\n<div>&nbsp;<\/div>\n<div>Bienvenus dans le monde du Nard de l'Himalaya, notre huile tut\u00e9laire 2014.<\/div>\n<div>Attention, nez d\u00e9licats et profanes, le nard peut choquer\u2026 et m\u00eame repousser.<\/div>\n<div>Lorsque je travaille le nard dans mon atelier et que je remonte d\u2019un \u00e9tage pour rejoindre ma petite famille, il n\u2019est pas rare que mon mari me regarde d\u2019un air soucieux et dubitatif, et me demande si c\u2019est lui ou moi qui pue des pieds\u2026<\/div>\n<div>Et pourtant, quand on l\u2019a apprivois\u00e9, il est magnifique. Il est la V\u00e9rit\u00e9, il est celui qui vous redresse et vous r\u00e9v\u00e8le votre propre essence. Il &nbsp;peut aussi \u00eatre implacable, envers ceux qui se mentent \u00e0 eux-m\u00eames, car il ne laisse aucune place au faux.<\/div>\n<div>&nbsp;<\/div>\n<div>Tr\u00e8s peu de parfumeurs l\u2019utilisent. Il est r\u00e9put\u00e9 pour \u00eatre tr\u00e8s difficile \u00e0 rendre harmonieux. En 2013, toutes nos cr\u00e9ations contenaient du bois de santal. En 2014, toutes nos cr\u00e9ations contiendront du nard. Challenge, vous avez dit Challenge&nbsp;?<\/div>\n<div>On le rel\u00e8ve, avec Val\u00e9rie.<\/div>\n<div>&nbsp;<\/div>\n<div>Je vous souhaite de cueillir vos r\u00eaves en 2014, et de d\u00e9guster au pr\u00e9sent chacune de vos cueillettes comme elle le m\u00e9rite.<\/div>\n<div>&nbsp;<\/div>\n<div>Bonne Ann\u00e9e, et au plaisir de vous croiser et de s\u2019octroyer ensemble le temps d\u2019une respiration parfum\u00e9e.<\/div>\n<\/div>\n<div>&nbsp;<\/div>\n<div>&nbsp;Pauline Dumail<\/div>\n<p><\/p>\n\n<!-- wp:block {\"ref\":14675} \/-->","_et_gb_content_width":"","_price":"","_stock":"","_tribe_ticket_header":"","_tribe_default_ticket_provider":"","_tribe_ticket_capacity":"0","_ticket_start_date":"","_ticket_end_date":"","_tribe_ticket_show_description":"","_tribe_ticket_show_not_going":false,"_tribe_ticket_use_global_stock":"","_tribe_ticket_global_stock_level":"","_global_stock_mode":"","_global_stock_cap":"","_tribe_rsvp_for_event":"","_tribe_ticket_going_count":"","_tribe_ticket_not_going_count":"","_tribe_tickets_list":"[]","_tribe_ticket_has_attendee_info_fields":false,"_EventAllDay":false,"_EventTimezone":"","_EventStartDate":"","_EventEndDate":"","_EventStartDateUTC":"","_EventEndDateUTC":"","_EventShowMap":false,"_EventShowMapLink":false,"_EventURL":"","_EventCost":"","_EventCostDescription":"","_EventCurrencySymbol":"","_EventCurrencyCode":"","_EventCurrencyPosition":"","_EventDateTimeSeparator":"","_EventTimeRangeSeparator":"","_EventOrganizerID":[],"_EventVenueID":[],"_OrganizerEmail":"","_OrganizerPhone":"","_OrganizerWebsite":"","_VenueAddress":"","_VenueCity":"","_VenueCountry":"","_VenueProvince":"","_VenueState":"","_VenueZip":"","_VenuePhone":"","_VenueURL":"","_VenueStateProvince":"","_VenueLat":"","_VenueLng":"","_VenueShowMap":false,"_VenueShowMapLink":false,"footnotes":""},"categories":[23,1,26],"tags":[],"class_list":["post-996","post","type-post","status-publish","format-standard","hentry","category-aroma","category-non-classe","category-prose-sensorielle"],"aioseo_notices":[],"_links":{"self":[{"href":"https:\/\/paulinedumail.com\/index.php\/wp-json\/wp\/v2\/posts\/996","targetHints":{"allow":["GET"]}}],"collection":[{"href":"https:\/\/paulinedumail.com\/index.php\/wp-json\/wp\/v2\/posts"}],"about":[{"href":"https:\/\/paulinedumail.com\/index.php\/wp-json\/wp\/v2\/types\/post"}],"author":[{"embeddable":true,"href":"https:\/\/paulinedumail.com\/index.php\/wp-json\/wp\/v2\/users\/1"}],"replies":[{"embeddable":true,"href":"https:\/\/paulinedumail.com\/index.php\/wp-json\/wp\/v2\/comments?post=996"}],"version-history":[{"count":9,"href":"https:\/\/paulinedumail.com\/index.php\/wp-json\/wp\/v2\/posts\/996\/revisions"}],"predecessor-version":[{"id":20460,"href":"https:\/\/paulinedumail.com\/index.php\/wp-json\/wp\/v2\/posts\/996\/revisions\/20460"}],"wp:attachment":[{"href":"https:\/\/paulinedumail.com\/index.php\/wp-json\/wp\/v2\/media?parent=996"}],"wp:term":[{"taxonomy":"category","embeddable":true,"href":"https:\/\/paulinedumail.com\/index.php\/wp-json\/wp\/v2\/categories?post=996"},{"taxonomy":"post_tag","embeddable":true,"href":"https:\/\/paulinedumail.com\/index.php\/wp-json\/wp\/v2\/tags?post=996"}],"curies":[{"name":"wp","href":"https:\/\/api.w.org\/{rel}","templated":true}]}}