{"id":55,"date":"2010-12-29T15:37:42","date_gmt":"2010-12-29T14:37:42","guid":{"rendered":"http:\/\/blog2.litsee.com\/?p=55"},"modified":"2020-05-09T08:13:55","modified_gmt":"2020-05-09T06:13:55","slug":"du-pouvoir-des-mots","status":"publish","type":"post","link":"https:\/\/paulinedumail.com\/index.php\/2010\/12\/29\/du-pouvoir-des-mots\/","title":{"rendered":"DU POUVOIR DES MOTS"},"content":{"rendered":"<p>[et_pb_section fb_built=\u00a0\u00bb1&Prime; admin_label=\u00a0\u00bbsection\u00a0\u00bb _builder_version=\u00a0\u00bb3.22&Prime;][et_pb_row admin_label=\u00a0\u00bbrow\u00a0\u00bb _builder_version=\u00a0\u00bb3.25&Prime; background_size=\u00a0\u00bbinitial\u00a0\u00bb background_position=\u00a0\u00bbtop_left\u00a0\u00bb background_repeat=\u00a0\u00bbrepeat\u00a0\u00bb][et_pb_column type=\u00a0\u00bb4_4&Prime; _builder_version=\u00a0\u00bb3.25&Prime; custom_padding=\u00a0\u00bb|||\u00a0\u00bb custom_padding__hover=\u00a0\u00bb|||\u00a0\u00bb][et_pb_text admin_label=\u00a0\u00bbTexte\u00a0\u00bb _builder_version=\u00a0\u00bb3.27.4&Prime; background_size=\u00a0\u00bbinitial\u00a0\u00bb background_position=\u00a0\u00bbtop_left\u00a0\u00bb background_repeat=\u00a0\u00bbrepeat\u00a0\u00bb use_border_color=\u00a0\u00bboff\u00a0\u00bb border_color=\u00a0\u00bb#ffffff\u00a0\u00bb border_style=\u00a0\u00bbsolid\u00a0\u00bb]<\/p>\n<div class=\"mbl notesBlogText clearfix\">\n<div>\n<p>\u00ab\u00a0Il y a des mots que l&rsquo;on dit, ou que l&rsquo;on ne dit pas, qui donnent des maux.<\/p>\n<p>Il y a des mots dits, qui deviennent maudits.<\/p>\n<p>Il y a des mal dits, qui s&rsquo;expriment par des maladies.<\/p>\n<p>Il y a des non-dits, qui font des enfants des bandits.<\/p>\n<p>Il y a des sur-dits qui bl\u00e2ment et qui induisent la surdit\u00e9 de l&rsquo;\u00e2me.<\/p>\n<p>Il y a des peu dits qui font des pudibonds et des critiques qui font des hypocrites.<\/p>\n<p>Il y a des pr\u00e9-dits, qui brisent le cr\u00e9dit en la vie.<\/p>\n<p>Il y a des pas dits, qui ferment le paradis de la vie.<\/p>\n<p>Il y a des sous-dits, qui font des soumis.<\/p>\n<p>Il y a des contre-dits, qui favorisent les schizo\u00efdies.<\/p>\n<p>&nbsp;<\/p>\n<p>A cause d&rsquo;une parole et d&rsquo;une seule, une personne humaine peut devenir folle.<\/p>\n<p>gr\u00e2ce \u00e0 une parole et une seule, un \u00eatre humain peut recevoir l&rsquo;obole de d\u00e9couvrir le symbole exprim\u00e9 par une parabole.<\/p>\n<p>A cause d&rsquo;un seul mot, un \u00eatre humain peut \u00eatre r\u00e9duit \u00e0 z\u00e9ro.<\/p>\n<p>Gr\u00e2ce \u00e0 un seul mot, un \u00eatre humain peut \u00eatre projet\u00e9 au plus haut.<\/p>\n<p>Des mots qui font d\u00e9faut, font des faux et des sots.<\/p>\n<p>Des mots entendus tout bas, bonjour les d\u00e9g\u00e2ts.<\/p>\n<p>Des mots opportuns, sinc\u00e8res et denses ouvrent la porte d&rsquo;un chemin infini d&rsquo;esp\u00e9rance.<\/p>\n<p>&nbsp;<\/p>\n<p>C&rsquo;est pourquoi, si l&rsquo;on me demande quelle est l&rsquo;essence du travail entrepris en aromath\u00e9rapie quantique, je dirai que c&rsquo;est d&rsquo;abord l&rsquo;essence de la relation humaine, avant toute essence v\u00e9g\u00e9tale. On peut se demander : que vaudrait l&rsquo;essence la plus pr\u00e9cieuse ou la plus puissante si elle se trouvait \u00ab\u00a0balanc\u00e9e\u00a0\u00bb \u00e0 l&rsquo;\u00eatre en souffrance dans un contexte de non relation humaine?<\/p>\n<p>&nbsp;<\/p>\n<p>En aromath\u00e9rapie quantique, tout commence par l&rsquo;humain et tout finit par l&rsquo;humain. La plante, et son huile essentielle, sont au coeur de cette relation qui reste essentiellement et profond\u00e9ment humaine. Pour \u00eatre au go\u00fbt du jour, il faut faire tout tr\u00e8s vite. Pour \u00eatre au parfum des temps modernes, il faut ne plus prendre le temps de prendre le temps. On ne sait plus<br \/>\ndonner du temps au temps. \u00a0\u00bb<\/p>\n<p>&nbsp;<\/p>\n<p>L&rsquo;Aromath\u00e9rapie Quantique, Dr Daniel P\u00e9no\u00ebl<\/p>\n<\/div>\n<\/div>\n<p>[\/et_pb_text][et_pb_button button_url=\u00a0\u00bbhttps:\/\/paulinedumail.com\/index.php\/blog\/\u00a0\u00bb button_text=\u00a0\u00bbPublications du blog\u00a0\u00bb button_alignment=\u00a0\u00bbleft\u00a0\u00bb _builder_version=\u00a0\u00bb4.4.5&Prime; custom_button=\u00a0\u00bbon\u00a0\u00bb button_text_size=\u00a0\u00bb16px\u00a0\u00bb][\/et_pb_button][\/et_pb_column][\/et_pb_row][\/et_pb_section]<\/p>\n","protected":false},"excerpt":{"rendered":"<p>L&rsquo;Aromath\u00e9rapie Quantique, Dr Daniel P\u00e9no\u00ebl<br \/>\nIl y a des mots que l&rsquo;on dit, ou que l&rsquo;on ne dit pas, qui donnent des maux. Il y a des mots dits, qui deviennent maudits. Il y a des mal dits, qui s&rsquo;expriment par des maladies. Il y a des sur-dits qui bl\u00e2ment et qui induisent la surdit\u00e9 de l&rsquo;\u00e2me. Il y a des pr\u00e9-dits, qui brisent le cr\u00e9dit en la vie.<\/p>\n","protected":false},"author":1,"featured_media":0,"comment_status":"open","ping_status":"open","sticky":false,"template":"","format":"standard","meta":{"_et_pb_use_builder":"on","_et_pb_old_content":"<div class=\"mbl notesBlogText clearfix\"><div><p>\"Il y a des mots que l'on dit, ou que l'on ne dit pas, qui donnent des maux.<\/p><p>Il y a des mots dits, qui deviennent maudits.<\/p><p>Il y a des mal dits, qui s'expriment par des maladies.<\/p><p>Il y a des non-dits, qui font des enfants des bandits.<\/p><p>Il y a des sur-dits qui bl\u00e2ment et qui induisent la surdit\u00e9 de l'\u00e2me.<\/p><p>Il y a des peu dits qui font des pudibonds et des critiques qui font des hypocrites.<\/p><p>Il y a des pr\u00e9-dits, qui brisent le cr\u00e9dit en la vie.<\/p><p>Il y a des pas dits, qui ferment le paradis de la vie.<\/p><p>Il y a des sous-dits, qui font des soumis.<\/p><p>Il y a des contre-dits, qui favorisent les schizo\u00efdies.<\/p><p>\u00a0<\/p><p>A cause d'une parole et d'une seule, une personne humaine peut devenir folle.<\/p><p>gr\u00e2ce \u00e0 une parole et une seule, un \u00eatre humain peut recevoir l'obole de d\u00e9couvrir le symbole exprim\u00e9 par une parabole.<\/p><p>A cause d'un seul mot, un \u00eatre humain peut \u00eatre r\u00e9duit \u00e0 z\u00e9ro.<\/p><p>Gr\u00e2ce \u00e0 un seul mot, un \u00eatre humain peut \u00eatre projet\u00e9 au plus haut.<\/p><p>Des mots qui font d\u00e9faut, font des faux et des sots.<\/p><p>Des mots entendus tout bas, bonjour les d\u00e9g\u00e2ts.<\/p><p>Des mots opportuns, sinc\u00e8res et denses ouvrent la porte d'un chemin infini d'esp\u00e9rance.<\/p><p>\u00a0<\/p><p>C'est pourquoi, si l'on me demande quelle est l'essence du travail entrepris en aromath\u00e9rapie quantique, je dirai que c'est d'abord l'essence de la relation humaine, avant toute essence v\u00e9g\u00e9tale. On peut se demander : que vaudrait l'essence la plus pr\u00e9cieuse ou la plus puissante si elle se trouvait \"balanc\u00e9e\" \u00e0 l'\u00eatre en souffrance dans un contexte de non relation humaine?<\/p><p>\u00a0<\/p><p>En aromath\u00e9rapie quantique, tout commence par l'humain et tout finit par l'humain. La plante, et son huile essentielle, sont au coeur de cette relation qui reste essentiellement et profond\u00e9ment humaine. Pour \u00eatre au go\u00fbt du jour, il faut faire tout tr\u00e8s vite. Pour \u00eatre au parfum des temps modernes, il faut ne plus prendre le temps de prendre le temps. On ne sait plus<br \/> donner du temps au temps. \"<\/p><p>\u00a0<\/p><p>L'Aromath\u00e9rapie Quantique, Dr Daniel P\u00e9no\u00ebl<\/p><\/div><\/div>","_et_gb_content_width":"","_price":"","_stock":"","_tribe_ticket_header":"","_tribe_default_ticket_provider":"","_tribe_ticket_capacity":"0","_ticket_start_date":"","_ticket_end_date":"","_tribe_ticket_show_description":"","_tribe_ticket_show_not_going":false,"_tribe_ticket_use_global_stock":"","_tribe_ticket_global_stock_level":"","_global_stock_mode":"","_global_stock_cap":"","_tribe_rsvp_for_event":"","_tribe_ticket_going_count":"","_tribe_ticket_not_going_count":"","_tribe_tickets_list":"[]","_tribe_ticket_has_attendee_info_fields":false,"_EventAllDay":false,"_EventTimezone":"","_EventStartDate":"","_EventEndDate":"","_EventStartDateUTC":"","_EventEndDateUTC":"","_EventShowMap":false,"_EventShowMapLink":false,"_EventURL":"","_EventCost":"","_EventCostDescription":"","_EventCurrencySymbol":"","_EventCurrencyCode":"","_EventCurrencyPosition":"","_EventDateTimeSeparator":"","_EventTimeRangeSeparator":"","_EventOrganizerID":[],"_EventVenueID":[],"_OrganizerEmail":"","_OrganizerPhone":"","_OrganizerWebsite":"","_VenueAddress":"","_VenueCity":"","_VenueCountry":"","_VenueProvince":"","_VenueState":"","_VenueZip":"","_VenuePhone":"","_VenueURL":"","_VenueStateProvince":"","_VenueLat":"","_VenueLng":"","_VenueShowMap":false,"_VenueShowMapLink":false,"footnotes":""},"categories":[23,1,26],"tags":[],"class_list":["post-55","post","type-post","status-publish","format-standard","hentry","category-aroma","category-non-classe","category-prose-sensorielle"],"aioseo_notices":[],"_links":{"self":[{"href":"https:\/\/paulinedumail.com\/index.php\/wp-json\/wp\/v2\/posts\/55","targetHints":{"allow":["GET"]}}],"collection":[{"href":"https:\/\/paulinedumail.com\/index.php\/wp-json\/wp\/v2\/posts"}],"about":[{"href":"https:\/\/paulinedumail.com\/index.php\/wp-json\/wp\/v2\/types\/post"}],"author":[{"embeddable":true,"href":"https:\/\/paulinedumail.com\/index.php\/wp-json\/wp\/v2\/users\/1"}],"replies":[{"embeddable":true,"href":"https:\/\/paulinedumail.com\/index.php\/wp-json\/wp\/v2\/comments?post=55"}],"version-history":[{"count":8,"href":"https:\/\/paulinedumail.com\/index.php\/wp-json\/wp\/v2\/posts\/55\/revisions"}],"predecessor-version":[{"id":20101,"href":"https:\/\/paulinedumail.com\/index.php\/wp-json\/wp\/v2\/posts\/55\/revisions\/20101"}],"wp:attachment":[{"href":"https:\/\/paulinedumail.com\/index.php\/wp-json\/wp\/v2\/media?parent=55"}],"wp:term":[{"taxonomy":"category","embeddable":true,"href":"https:\/\/paulinedumail.com\/index.php\/wp-json\/wp\/v2\/categories?post=55"},{"taxonomy":"post_tag","embeddable":true,"href":"https:\/\/paulinedumail.com\/index.php\/wp-json\/wp\/v2\/tags?post=55"}],"curies":[{"name":"wp","href":"https:\/\/api.w.org\/{rel}","templated":true}]}}