{"id":53,"date":"2011-01-11T15:37:01","date_gmt":"2011-01-11T14:37:01","guid":{"rendered":"http:\/\/blog2.litsee.com\/?p=53"},"modified":"2020-05-09T08:12:56","modified_gmt":"2020-05-09T06:12:56","slug":"de-la-consideration-et-de-lecoute-en-medecine","status":"publish","type":"post","link":"https:\/\/paulinedumail.com\/index.php\/2011\/01\/11\/de-la-consideration-et-de-lecoute-en-medecine\/","title":{"rendered":"DE LA CONSIDERATION ET DE L&rsquo;ECOUTE EN MEDECINE"},"content":{"rendered":"<p>[et_pb_section fb_built=\u00a0\u00bb1&Prime; admin_label=\u00a0\u00bbsection\u00a0\u00bb _builder_version=\u00a0\u00bb3.22&Prime;][et_pb_row admin_label=\u00a0\u00bbrow\u00a0\u00bb _builder_version=\u00a0\u00bb3.25&Prime; background_size=\u00a0\u00bbinitial\u00a0\u00bb background_position=\u00a0\u00bbtop_left\u00a0\u00bb background_repeat=\u00a0\u00bbrepeat\u00a0\u00bb][et_pb_column type=\u00a0\u00bb4_4&Prime; _builder_version=\u00a0\u00bb3.25&Prime; custom_padding=\u00a0\u00bb|||\u00a0\u00bb custom_padding__hover=\u00a0\u00bb|||\u00a0\u00bb][et_pb_text admin_label=\u00a0\u00bbTexte\u00a0\u00bb _builder_version=\u00a0\u00bb3.27.4&Prime; background_size=\u00a0\u00bbinitial\u00a0\u00bb background_position=\u00a0\u00bbtop_left\u00a0\u00bb background_repeat=\u00a0\u00bbrepeat\u00a0\u00bb text_orientation=\u00a0\u00bbjustified\u00a0\u00bb use_border_color=\u00a0\u00bboff\u00a0\u00bb border_color=\u00a0\u00bb#ffffff\u00a0\u00bb border_style=\u00a0\u00bbsolid\u00a0\u00bb]&nbsp;<\/p>\n<p>\u00ab\u00a0Quand on veut bien s&rsquo;en donner les moyens intellectuels, psychologiques et tout simplement humains, on r\u00e9alise que l&rsquo;on a, avec tout patient, d&rsquo;abord affaire \u00e0 \u00ab\u00a0son monde int\u00e9rieur\u00a0\u00bb. D&rsquo;une mani\u00e8re g\u00e9n\u00e9rale, on peut dire qu&rsquo;il existe trois mondes : le monde ext\u00e9rieur d&rsquo;une part, et le monde int\u00e9rieur qui comporte lui-m\u00eame le monde imaginaire et le monde symbolique. Le praticien en aromath\u00e9rapie quantique doit prendre en consid\u00e9ration, d&rsquo;abord et avant tout, ce monde de l&rsquo;imaginaire et ce monde symbolique qui sont la \u00ab\u00a0v\u00e9ritable r\u00e9alit\u00e9\u00a0\u00bb de sa patiente ou de son patient.<\/p>\n<p>Si, vis-\u00e0-vis d&rsquo;une situation d&rsquo;ordre infectieux, la patiente vit dans une peur extr\u00eame et si elle exprime un besoin absolu de sa prescription antibiotique, il serait \u00ab\u00a0inconsid\u00e9r\u00e9\u00a0\u00bb de lui refuser cette ordonnance d\u00e9j\u00e0 salvatrice sur le plan psychique. Si, en revanche, une autre patiente pr\u00e9sente la m\u00eame condition, mais qu&rsquo;elle \u00e9volue dans une mouvance bio et naturelle et vit dans une opposition farouche aux traitements antibiotiques, lui imposer ce traitement serait, pareillement, une totale \u00ab\u00a0inconsid\u00e9ration\u00a0\u00bb de son \u00e9tat d&rsquo;esprit, de son imaginaire, de sa symbolique&#8230; En allemand, cela s&rsquo;exprime par le terme Weltanschauung, vision sur le monde qui englobe aussi celui qui voit.\u00a0\u00bb<\/p>\n<p>&nbsp;<\/p>\n<p>l&rsquo;Aromath\u00e9rapie Quantique, du Dr Daniel Penoel<br \/>\n[\/et_pb_text][et_pb_button button_url=\u00a0\u00bbhttps:\/\/paulinedumail.com\/index.php\/blog\/\u00a0\u00bb button_text=\u00a0\u00bbPublications du blog\u00a0\u00bb button_alignment=\u00a0\u00bbleft\u00a0\u00bb _builder_version=\u00a0\u00bb4.4.5&Prime; custom_button=\u00a0\u00bbon\u00a0\u00bb button_text_size=\u00a0\u00bb16px\u00a0\u00bb][\/et_pb_button][\/et_pb_column][\/et_pb_row][\/et_pb_section]<\/p>\n","protected":false},"excerpt":{"rendered":"<p>l&rsquo;Aromath\u00e9rapie Quantique, Dr Daniel Penoel<br \/>\non n&rsquo;a pas affaire \u00e0 une maladie, mais \u00e0 une personnes portant sa propre \u00ab\u00a0mythologie\u00a0\u00bb, qui est son ultime r\u00e9alit\u00e9. La prise en consid\u00e9ration de cette \u00ab\u00a0mythologie\u00a0\u00bb propre \u00e0 chaque personne, bien-portante ou malade, est indispensable \u00e0 une bonne pratique de la m\u00e9decine<\/p>\n","protected":false},"author":1,"featured_media":0,"comment_status":"open","ping_status":"open","sticky":false,"template":"","format":"standard","meta":{"_et_pb_use_builder":"on","_et_pb_old_content":"<p>\u00a0<\/p><p>\" Quand on veut bien s'en donner les moyens intellectuels, psychologiques et tout simplement humains, on r\u00e9alise que l'on a, avec tout patient, d'abord affaire \u00e0 \"son monde int\u00e9rieur\". D'une mani\u00e8re g\u00e9n\u00e9rale, on peut dire qu'il existe trois mondes : le monde ext\u00e9rieur d'une part, et le monde int\u00e9rieur qui comporte lui-m\u00eame le monde imaginaire et le monde symbolique. Le praticien en aromath\u00e9rapie quantique doit prendre en consid\u00e9ration, d'abord et avant tout, ce monde de l'imaginaire et ce monde symbolique qui sont la \"v\u00e9ritable r\u00e9alit\u00e9\" de sa patiente ou de son patient.<\/p><p>Si, vis-\u00e0-vis d'une situation d'ordre infectieux, la patiente vit dans une peur extr\u00eame et si elle exprime un besoin absolu de sa prescription antibiotique, il serait \"inconsid\u00e9r\u00e9\" de lui refuser cette ordonnance d\u00e9j\u00e0 salvatrice sur le plan psychique. Si, en revanche, une autre patiente pr\u00e9sente la m\u00eame condition, mais qu'elle \u00e9volue dans une mouvance bio et naturelle et vit dans une opposition farouche aux traitements antibiotiques, lui imposer ce traitement serait, pareillement, une totale \"inconsid\u00e9ration\" de son \u00e9tat d'esprit, de son imaginaire, de sa symbolique... En allemand, cela s'exprime par le terme Weltanschauung, vision sur le monde qui englobe aussi celui qui voit.<\/p><p>\u00a0<\/p><p>l'Aromath\u00e9rapie Quantique, du Dr Daniel Penoel<\/p>","_et_gb_content_width":"","_price":"","_stock":"","_tribe_ticket_header":"","_tribe_default_ticket_provider":"","_tribe_ticket_capacity":"0","_ticket_start_date":"","_ticket_end_date":"","_tribe_ticket_show_description":"","_tribe_ticket_show_not_going":false,"_tribe_ticket_use_global_stock":"","_tribe_ticket_global_stock_level":"","_global_stock_mode":"","_global_stock_cap":"","_tribe_rsvp_for_event":"","_tribe_ticket_going_count":"","_tribe_ticket_not_going_count":"","_tribe_tickets_list":"[]","_tribe_ticket_has_attendee_info_fields":false,"_EventAllDay":false,"_EventTimezone":"","_EventStartDate":"","_EventEndDate":"","_EventStartDateUTC":"","_EventEndDateUTC":"","_EventShowMap":false,"_EventShowMapLink":false,"_EventURL":"","_EventCost":"","_EventCostDescription":"","_EventCurrencySymbol":"","_EventCurrencyCode":"","_EventCurrencyPosition":"","_EventDateTimeSeparator":"","_EventTimeRangeSeparator":"","_EventOrganizerID":[],"_EventVenueID":[],"_OrganizerEmail":"","_OrganizerPhone":"","_OrganizerWebsite":"","_VenueAddress":"","_VenueCity":"","_VenueCountry":"","_VenueProvince":"","_VenueState":"","_VenueZip":"","_VenuePhone":"","_VenueURL":"","_VenueStateProvince":"","_VenueLat":"","_VenueLng":"","_VenueShowMap":false,"_VenueShowMapLink":false,"footnotes":""},"categories":[23,1,26],"tags":[],"class_list":["post-53","post","type-post","status-publish","format-standard","hentry","category-aroma","category-non-classe","category-prose-sensorielle"],"aioseo_notices":[],"_links":{"self":[{"href":"https:\/\/paulinedumail.com\/index.php\/wp-json\/wp\/v2\/posts\/53","targetHints":{"allow":["GET"]}}],"collection":[{"href":"https:\/\/paulinedumail.com\/index.php\/wp-json\/wp\/v2\/posts"}],"about":[{"href":"https:\/\/paulinedumail.com\/index.php\/wp-json\/wp\/v2\/types\/post"}],"author":[{"embeddable":true,"href":"https:\/\/paulinedumail.com\/index.php\/wp-json\/wp\/v2\/users\/1"}],"replies":[{"embeddable":true,"href":"https:\/\/paulinedumail.com\/index.php\/wp-json\/wp\/v2\/comments?post=53"}],"version-history":[{"count":7,"href":"https:\/\/paulinedumail.com\/index.php\/wp-json\/wp\/v2\/posts\/53\/revisions"}],"predecessor-version":[{"id":20099,"href":"https:\/\/paulinedumail.com\/index.php\/wp-json\/wp\/v2\/posts\/53\/revisions\/20099"}],"wp:attachment":[{"href":"https:\/\/paulinedumail.com\/index.php\/wp-json\/wp\/v2\/media?parent=53"}],"wp:term":[{"taxonomy":"category","embeddable":true,"href":"https:\/\/paulinedumail.com\/index.php\/wp-json\/wp\/v2\/categories?post=53"},{"taxonomy":"post_tag","embeddable":true,"href":"https:\/\/paulinedumail.com\/index.php\/wp-json\/wp\/v2\/tags?post=53"}],"curies":[{"name":"wp","href":"https:\/\/api.w.org\/{rel}","templated":true}]}}