{"id":5054,"date":"2017-11-23T09:08:39","date_gmt":"2017-11-23T08:08:39","guid":{"rendered":"http:\/\/paulinedumail.com\/?p=5054"},"modified":"2020-05-11T22:24:01","modified_gmt":"2020-05-11T20:24:01","slug":"parole-de-femme","status":"publish","type":"post","link":"https:\/\/paulinedumail.com\/index.php\/2017\/11\/23\/parole-de-femme\/","title":{"rendered":"Parole de Femme"},"content":{"rendered":"<p>[et_pb_section fb_built=\u00a0\u00bb1&Prime; _builder_version=\u00a0\u00bb3.22&Prime;][et_pb_row _builder_version=\u00a0\u00bb4.4.5&Prime;][et_pb_column type=\u00a0\u00bb4_4&Prime; _builder_version=\u00a0\u00bb4.4.5&Prime;][et_pb_divider divider_weight=\u00a0\u00bb3px\u00a0\u00bb _builder_version=\u00a0\u00bb4.4.5&Prime;][\/et_pb_divider][\/et_pb_column][\/et_pb_row][et_pb_row _builder_version=\u00a0\u00bb3.25&Prime; background_size=\u00a0\u00bbinitial\u00a0\u00bb background_position=\u00a0\u00bbtop_left\u00a0\u00bb background_repeat=\u00a0\u00bbrepeat\u00a0\u00bb][et_pb_column type=\u00a0\u00bb4_4&Prime; _builder_version=\u00a0\u00bb3.25&Prime; custom_padding=\u00a0\u00bb|||\u00a0\u00bb custom_padding__hover=\u00a0\u00bb|||\u00a0\u00bb][et_pb_text _builder_version=\u00a0\u00bb3.27.4&Prime; border_style=\u00a0\u00bbsolid\u00a0\u00bb]<\/p>\n<p>20%. c&rsquo;est l&rsquo;\u00e9cart entre le salaire des hommes et le salaire des femmes.<\/p>\n<p>223000 : c&rsquo;est le nombre de femmes, par an, en France, qui subissent des violences des hommes.<\/p>\n<p>une tous les 3 jours : c&rsquo;est le nombre de femmes qui meurent suite aux violences conjugales, en France.<\/p>\n<p>800 millions :\u00a0 c&rsquo;est le nombre d&rsquo;adultes analphab\u00e8tes dans le monde.<\/p>\n<p>Plus de 50% : c&rsquo;est le taux d&rsquo;analphab\u00e9tisation des femmes en Asie du sud-ouest et en Afrique sub-saharienne.<\/p>\n<p>&nbsp;<\/p>\n<p>Je pourrais en \u00e9crire encore plein comme \u00e7a, en particulier sur l&rsquo;entrepreneuriat au f\u00e9minin, mais plus j&rsquo;\u00e9cris, et plus je sens un malaise en moi, m\u00e9lange de col\u00e8re et de tristesse.<\/p>\n<p>Affirmer et se battre pour l&rsquo;\u00e9galit\u00e9 entre les hommes et les femmes, c&rsquo;est vital pour l&rsquo;humanit\u00e9 dans un monde o\u00f9 le bisounours n&rsquo;a pas sa place.<\/p>\n<p>Mais il y a \u00e9galement une autre bataille \u00e0 mener. Non pas contre les autres, mais contre soi-m\u00eame. Non pas contre les hommes, mais avec les hommes.<\/p>\n<p>Cette bataille, c&rsquo;est celle du principe f\u00e9minin. Qui existe, tout comme le principe masculin, dans tout \u00eatre humain. Notre soci\u00e9t\u00e9 l&rsquo;a d\u00e9laiss\u00e9. Nous sommes nombreux, hommes et\/ou femmes, \u00e0 avoir du mal \u00e0 l&rsquo;assumer.<\/p>\n<p>&nbsp;<\/p>\n<p>&nbsp;<\/p>\n<p>[\/et_pb_text][\/et_pb_column][\/et_pb_row][et_pb_row column_structure=\u00a0\u00bb1_3,1_3,1_3&Prime; _builder_version=\u00a0\u00bb3.25&Prime; background_size=\u00a0\u00bbinitial\u00a0\u00bb background_position=\u00a0\u00bbtop_left\u00a0\u00bb background_repeat=\u00a0\u00bbrepeat\u00a0\u00bb][et_pb_column type=\u00a0\u00bb1_3&Prime; _builder_version=\u00a0\u00bb3.25&Prime; custom_padding=\u00a0\u00bb|||\u00a0\u00bb custom_padding__hover=\u00a0\u00bb|||\u00a0\u00bb][\/et_pb_column][et_pb_column type=\u00a0\u00bb1_3&Prime; _builder_version=\u00a0\u00bb3.25&Prime; custom_padding=\u00a0\u00bb|||\u00a0\u00bb custom_padding__hover=\u00a0\u00bb|||\u00a0\u00bb][et_pb_image src=\u00a0\u00bbhttps:\/\/paulinedumail.com\/wp-content\/uploads\/2017\/11\/1200px-Yin_yang.svg_.png\u00a0\u00bb align_tablet=\u00a0\u00bbcenter\u00a0\u00bb align_phone=\u00a0\u00bb\u00a0\u00bb align_last_edited=\u00a0\u00bbon|desktop\u00a0\u00bb _builder_version=\u00a0\u00bb3.23&Prime; animation_style=\u00a0\u00bbslide\u00a0\u00bb animation_direction=\u00a0\u00bbleft\u00a0\u00bb animation_duration=\u00a0\u00bb500ms\u00a0\u00bb animation_intensity_slide=\u00a0\u00bb10%\u00a0\u00bb border_style=\u00a0\u00bbsolid\u00a0\u00bb sticky=\u00a0\u00bboff\u00a0\u00bb][\/et_pb_image][\/et_pb_column][et_pb_column type=\u00a0\u00bb1_3&Prime; _builder_version=\u00a0\u00bb3.25&Prime; custom_padding=\u00a0\u00bb|||\u00a0\u00bb custom_padding__hover=\u00a0\u00bb|||\u00a0\u00bb][\/et_pb_column][\/et_pb_row][et_pb_row _builder_version=\u00a0\u00bb3.25&Prime; background_size=\u00a0\u00bbinitial\u00a0\u00bb background_position=\u00a0\u00bbtop_left\u00a0\u00bb background_repeat=\u00a0\u00bbrepeat\u00a0\u00bb][et_pb_column type=\u00a0\u00bb4_4&Prime; _builder_version=\u00a0\u00bb3.25&Prime; custom_padding=\u00a0\u00bb|||\u00a0\u00bb custom_padding__hover=\u00a0\u00bb|||\u00a0\u00bb][et_pb_text _builder_version=\u00a0\u00bb3.27.4&Prime; border_style=\u00a0\u00bbsolid\u00a0\u00bb]<\/p>\n<p>&nbsp;<\/p>\n<p>&nbsp;<\/p>\n<p>Alors voici, quand ils se rencontrent, ce qu&rsquo;ils se disent :<\/p>\n<ul>\n<li>Je suis le principe f\u00e9minin<\/li>\n<li>Je suis le principe masculin<\/li>\n<\/ul>\n<p>&nbsp;<\/p>\n<ul>\n<li>je cherche la paix et l\u2019harmonie<\/li>\n<li>je cherche le pouvoir, la conqu\u00eate du monde<\/li>\n<\/ul>\n<p>&nbsp;<\/p>\n<ul>\n<li>je suis l\u2019intuition et l\u2019\u00e9motionnel<\/li>\n<li>je suis le rationnel et la mati\u00e8re<\/li>\n<\/ul>\n<p>&nbsp;<\/p>\n<ul>\n<li>je suis l\u2019\u00e9coute<\/li>\n<li>je suis la force<\/li>\n<\/ul>\n<p>&nbsp;<\/p>\n<ul>\n<li>\u00a0je suis le sens profond des choses, la spiritualit\u00e9<\/li>\n<li>je suis la r\u00e9alit\u00e9 quotidienne, la concr\u00e9tisation<\/li>\n<\/ul>\n<p>&nbsp;<\/p>\n<ul>\n<li>je suis l\u2019amour<\/li>\n<li>je suis la s\u00e9curit\u00e9<\/li>\n<\/ul>\n<p>&nbsp;<\/p>\n<ul>\n<li>je suis l\u2019eau<\/li>\n<li>je suis l\u2019air<\/li>\n<\/ul>\n<p>&nbsp;<\/p>\n<ul>\n<li>je suis la terre<\/li>\n<li>je suis le feu<\/li>\n<\/ul>\n<p>&nbsp;<\/p>\n<ul>\n<li>je suis la lune<\/li>\n<li>je suis le soleil<\/li>\n<\/ul>\n<p>&nbsp;<\/p>\n<ul>\n<li>je suis la matrice, le r\u00e9ceptacle de la vie<\/li>\n<li>je suis l\u2019impulsion de la vie<\/li>\n<\/ul>\n<p>&nbsp;<\/p>\n<p>toi, \u00eatre humain, homme ou femme, tu as besoin de nous deux pour exprimer ton plein potentiel. Nous sommes n\u00e9cessaires \u00e0 ta compl\u00e9tude.<\/p>\n<p>Une soci\u00e9t\u00e9 juste et parfaite serait une soci\u00e9t\u00e9 qui nous laisserait former un duo \u00e9quilibr\u00e9 dans toute chose, dans chaque \u00eatre humain, mais aussi dans chaque organisation collective.<\/p>\n<p>Depuis quelques milliers d\u2019ann\u00e9es, tu as\u00a0 laiss\u00e9 de c\u00f4t\u00e9 le principe f\u00e9minin.<\/p>\n<p>Et je ne pourrai prendre, reprendre ma place que si tu me la laisses, toi le principe masculin, toi la force et la mati\u00e8re. En niant mon importance, tu te nies toi-m\u00eame. En voulant m\u2018effacer tu t\u2019effaces toi-m\u00eame. Avoir peur de moi, c\u2019est avoir peur de toi-m\u00eame.<\/p>\n<p>&nbsp;<\/p>\n<p>Pauline Dumail<\/p>\n<p>[\/et_pb_text][\/et_pb_column][\/et_pb_row][et_pb_row _builder_version=\u00a0\u00bb4.4.5&Prime;][et_pb_column type=\u00a0\u00bb4_4&Prime; _builder_version=\u00a0\u00bb4.4.5&Prime;][et_pb_divider divider_weight=\u00a0\u00bb3px\u00a0\u00bb _builder_version=\u00a0\u00bb4.4.5&Prime;][\/et_pb_divider][\/et_pb_column][\/et_pb_row][et_pb_row column_structure=\u00a0\u00bb1_3,1_3,1_3&Prime; _builder_version=\u00a0\u00bb3.26.7&Prime;][et_pb_column type=\u00a0\u00bb1_3&Prime; _builder_version=\u00a0\u00bb3.26.7&Prime;][et_pb_image src=\u00a0\u00bbhttps:\/\/paulinedumail.com\/wp-content\/uploads\/2016\/06\/couverture-3D.jpg\u00a0\u00bb url=\u00a0\u00bbhttps:\/\/paulinedumail.com\/index.php\/litterature\/\u00a0\u00bb _builder_version=\u00a0\u00bb4.2.2&Prime;][\/et_pb_image][\/et_pb_column][et_pb_column type=\u00a0\u00bb1_3&Prime; _builder_version=\u00a0\u00bb3.26.7&Prime;][et_pb_divider show_divider=\u00a0\u00bboff\u00a0\u00bb _builder_version=\u00a0\u00bb4.2.2&Prime; custom_padding=\u00a0\u00bb0px||0px|||\u00a0\u00bb][\/et_pb_divider][et_pb_divider show_divider=\u00a0\u00bboff\u00a0\u00bb _builder_version=\u00a0\u00bb4.2.2&Prime; custom_padding=\u00a0\u00bb0px||0px|||\u00a0\u00bb][\/et_pb_divider][et_pb_divider show_divider=\u00a0\u00bboff\u00a0\u00bb _builder_version=\u00a0\u00bb4.2.2&Prime; custom_padding=\u00a0\u00bb0px||0px|||\u00a0\u00bb][\/et_pb_divider][et_pb_button button_url=\u00a0\u00bbhttps:\/\/paulinedumail.com\/index.php\/blog\/\u00a0\u00bb button_text=\u00a0\u00bbPublications du blog\u00a0\u00bb button_alignment=\u00a0\u00bbleft\u00a0\u00bb _builder_version=\u00a0\u00bb4.4.5&Prime; custom_button=\u00a0\u00bbon\u00a0\u00bb button_text_size=\u00a0\u00bb16px\u00a0\u00bb][\/et_pb_button][\/et_pb_column][et_pb_column type=\u00a0\u00bb1_3&Prime; _builder_version=\u00a0\u00bb3.26.7&Prime;][et_pb_divider show_divider=\u00a0\u00bboff\u00a0\u00bb _builder_version=\u00a0\u00bb4.2.2&Prime; custom_padding=\u00a0\u00bb0px||0px|||\u00a0\u00bb][\/et_pb_divider][et_pb_divider show_divider=\u00a0\u00bboff\u00a0\u00bb _builder_version=\u00a0\u00bb4.2.2&Prime; custom_padding=\u00a0\u00bb0px||0px|||\u00a0\u00bb][\/et_pb_divider][et_pb_divider show_divider=\u00a0\u00bboff\u00a0\u00bb _builder_version=\u00a0\u00bb4.2.2&Prime; custom_padding=\u00a0\u00bb0px||0px|||\u00a0\u00bb][\/et_pb_divider][et_pb_social_media_follow use_icon_font_size=\u00a0\u00bbon\u00a0\u00bb icon_font_size=\u00a0\u00bb12px\u00a0\u00bb _builder_version=\u00a0\u00bb4.4.5&Prime; custom_button=\u00a0\u00bbon\u00a0\u00bb text_orientation=\u00a0\u00bbcenter\u00a0\u00bb custom_margin=\u00a0\u00bb||||false|false\u00a0\u00bb custom_padding=\u00a0\u00bb||||false|false\u00a0\u00bb border_radii=\u00a0\u00bbon|10px|10px|10px|10px\u00a0\u00bb border_width_all=\u00a0\u00bb1px\u00a0\u00bb border_color_all=\u00a0\u00bbrgba(0,0,0,0)\u00a0\u00bb box_shadow_style=\u00a0\u00bbpreset1&Prime;][et_pb_social_media_follow_network social_network=\u00a0\u00bbinstagram\u00a0\u00bb url=\u00a0\u00bbhttps:\/\/www.instagram.com\/paulinedumail\/\u00a0\u00bb icon_color=\u00a0\u00bb#FFFFFF\u00a0\u00bb _builder_version=\u00a0\u00bb4.4.5&Prime; background_color=\u00a0\u00bb#E09900&Prime; background_enable_color=\u00a0\u00bbon\u00a0\u00bb follow_button=\u00a0\u00bboff\u00a0\u00bb url_new_window=\u00a0\u00bbon\u00a0\u00bb]instagram[\/et_pb_social_media_follow_network][et_pb_social_media_follow_network social_network=\u00a0\u00bbfacebook\u00a0\u00bb url=\u00a0\u00bbhttps:\/\/www.facebook.com\/la.vie.est.un.parfum.respirez.la\/\u00a0\u00bb _builder_version=\u00a0\u00bb4.4.5&Prime; background_color=\u00a0\u00bb#3b5998&Prime; follow_button=\u00a0\u00bboff\u00a0\u00bb url_new_window=\u00a0\u00bbon\u00a0\u00bb]facebook[\/et_pb_social_media_follow_network][et_pb_social_media_follow_network social_network=\u00a0\u00bbyoutube\u00a0\u00bb url=\u00a0\u00bbhttps:\/\/www.youtube.com\/user\/feelbysmellvideos\u00a0\u00bb _builder_version=\u00a0\u00bb4.4.5&Prime; background_color=\u00a0\u00bb#E02B20&Prime; background_enable_color=\u00a0\u00bbon\u00a0\u00bb follow_button=\u00a0\u00bboff\u00a0\u00bb url_new_window=\u00a0\u00bbon\u00a0\u00bb]youtube[\/et_pb_social_media_follow_network][et_pb_social_media_follow_network social_network=\u00a0\u00bbtwitter\u00a0\u00bb url=\u00a0\u00bbhttps:\/\/twitter.com\/Pauline_Dumail\u00a0\u00bb _builder_version=\u00a0\u00bb4.4.5&Prime; background_color=\u00a0\u00bb#00aced\u00a0\u00bb follow_button=\u00a0\u00bboff\u00a0\u00bb url_new_window=\u00a0\u00bbon\u00a0\u00bb]twitter[\/et_pb_social_media_follow_network][et_pb_social_media_follow_network social_network=\u00a0\u00bblinkedin\u00a0\u00bb url=\u00a0\u00bbhttps:\/\/www.linkedin.com\/in\/paulinedumail\/\u00a0\u00bb _builder_version=\u00a0\u00bb4.4.5&Prime; background_color=\u00a0\u00bb#007bb6&Prime; follow_button=\u00a0\u00bboff\u00a0\u00bb url_new_window=\u00a0\u00bbon\u00a0\u00bb]linkedin[\/et_pb_social_media_follow_network][\/et_pb_social_media_follow][et_pb_divider show_divider=\u00a0\u00bboff\u00a0\u00bb _builder_version=\u00a0\u00bb4.2.2&Prime; custom_padding=\u00a0\u00bb0px||0px|||\u00a0\u00bb][\/et_pb_divider][et_pb_divider show_divider=\u00a0\u00bboff\u00a0\u00bb _builder_version=\u00a0\u00bb4.2.2&Prime; custom_padding=\u00a0\u00bb0px||0px|||\u00a0\u00bb][\/et_pb_divider][\/et_pb_column][\/et_pb_row][\/et_pb_section]<\/p>\n","protected":false},"excerpt":{"rendered":"<p>20%. c&rsquo;est l&rsquo;\u00e9cart entre le salaire des hommes et le salaire des femmes. 223000 : c&rsquo;est le nombre de femmes, par an, en France, qui subissent des violences des hommes. [&hellip;]<\/p>\n","protected":false},"author":1,"featured_media":0,"comment_status":"open","ping_status":"open","sticky":false,"template":"","format":"standard","meta":{"_et_pb_use_builder":"on","_et_pb_old_content":"","_et_gb_content_width":"","_price":"","_stock":"","_tribe_ticket_header":"","_tribe_default_ticket_provider":"","_tribe_ticket_capacity":"0","_ticket_start_date":"","_ticket_end_date":"","_tribe_ticket_show_description":"","_tribe_ticket_show_not_going":false,"_tribe_ticket_use_global_stock":"","_tribe_ticket_global_stock_level":"","_global_stock_mode":"","_global_stock_cap":"","_tribe_rsvp_for_event":"","_tribe_ticket_going_count":"","_tribe_ticket_not_going_count":"","_tribe_tickets_list":"[]","_tribe_ticket_has_attendee_info_fields":false,"_EventAllDay":false,"_EventTimezone":"","_EventStartDate":"","_EventEndDate":"","_EventStartDateUTC":"","_EventEndDateUTC":"","_EventShowMap":false,"_EventShowMapLink":false,"_EventURL":"","_EventCost":"","_EventCostDescription":"","_EventCurrencySymbol":"","_EventCurrencyCode":"","_EventCurrencyPosition":"","_EventDateTimeSeparator":"","_EventTimeRangeSeparator":"","_EventOrganizerID":[],"_EventVenueID":[],"_OrganizerEmail":"","_OrganizerPhone":"","_OrganizerWebsite":"","_VenueAddress":"","_VenueCity":"","_VenueCountry":"","_VenueProvince":"","_VenueState":"","_VenueZip":"","_VenuePhone":"","_VenueURL":"","_VenueStateProvince":"","_VenueLat":"","_VenueLng":"","_VenueShowMap":false,"_VenueShowMapLink":false,"footnotes":""},"categories":[26],"tags":[],"class_list":["post-5054","post","type-post","status-publish","format-standard","hentry","category-prose-sensorielle"],"aioseo_notices":[],"_links":{"self":[{"href":"https:\/\/paulinedumail.com\/index.php\/wp-json\/wp\/v2\/posts\/5054","targetHints":{"allow":["GET"]}}],"collection":[{"href":"https:\/\/paulinedumail.com\/index.php\/wp-json\/wp\/v2\/posts"}],"about":[{"href":"https:\/\/paulinedumail.com\/index.php\/wp-json\/wp\/v2\/types\/post"}],"author":[{"embeddable":true,"href":"https:\/\/paulinedumail.com\/index.php\/wp-json\/wp\/v2\/users\/1"}],"replies":[{"embeddable":true,"href":"https:\/\/paulinedumail.com\/index.php\/wp-json\/wp\/v2\/comments?post=5054"}],"version-history":[{"count":8,"href":"https:\/\/paulinedumail.com\/index.php\/wp-json\/wp\/v2\/posts\/5054\/revisions"}],"predecessor-version":[{"id":20309,"href":"https:\/\/paulinedumail.com\/index.php\/wp-json\/wp\/v2\/posts\/5054\/revisions\/20309"}],"wp:attachment":[{"href":"https:\/\/paulinedumail.com\/index.php\/wp-json\/wp\/v2\/media?parent=5054"}],"wp:term":[{"taxonomy":"category","embeddable":true,"href":"https:\/\/paulinedumail.com\/index.php\/wp-json\/wp\/v2\/categories?post=5054"},{"taxonomy":"post_tag","embeddable":true,"href":"https:\/\/paulinedumail.com\/index.php\/wp-json\/wp\/v2\/tags?post=5054"}],"curies":[{"name":"wp","href":"https:\/\/api.w.org\/{rel}","templated":true}]}}