{"id":3054,"date":"2016-10-13T13:07:56","date_gmt":"2016-10-13T12:07:56","guid":{"rendered":"http:\/\/www.paulinedumail.com\/?p=3054"},"modified":"2020-05-09T07:23:23","modified_gmt":"2020-05-09T05:23:23","slug":"le-parfum-des-origines-extrait-2","status":"publish","type":"post","link":"https:\/\/paulinedumail.com\/index.php\/2016\/10\/13\/le-parfum-des-origines-extrait-2\/","title":{"rendered":"\u00ab\u00a0La Vie est un Parfum, Respirez-la !\u00a0\u00bb  Extrait 2"},"content":{"rendered":"<p>[et_pb_section fb_built=\u00a0\u00bb1&Prime; admin_label=\u00a0\u00bbsection\u00a0\u00bb _builder_version=\u00a0\u00bb3.22&Prime;][et_pb_row admin_label=\u00a0\u00bbrow\u00a0\u00bb _builder_version=\u00a0\u00bb3.25&Prime; background_size=\u00a0\u00bbinitial\u00a0\u00bb background_position=\u00a0\u00bbtop_left\u00a0\u00bb background_repeat=\u00a0\u00bbrepeat\u00a0\u00bb][et_pb_column type=\u00a0\u00bb4_4&Prime; _builder_version=\u00a0\u00bb3.25&Prime; custom_padding=\u00a0\u00bb|||\u00a0\u00bb custom_padding__hover=\u00a0\u00bb|||\u00a0\u00bb][et_pb_text admin_label=\u00a0\u00bbTexte\u00a0\u00bb _builder_version=\u00a0\u00bb3.27.4&Prime; background_size=\u00a0\u00bbinitial\u00a0\u00bb background_position=\u00a0\u00bbtop_left\u00a0\u00bb background_repeat=\u00a0\u00bbrepeat\u00a0\u00bb text_orientation=\u00a0\u00bbcenter\u00a0\u00bb module_alignment=\u00a0\u00bbcenter\u00a0\u00bb use_border_color=\u00a0\u00bboff\u00a0\u00bb border_color=\u00a0\u00bb#ffffff\u00a0\u00bb border_style=\u00a0\u00bbsolid\u00a0\u00bb]<\/p>\n<div class=\"et_pb_text et_pb_module et_pb_bg_layout_light et_pb_text_align_center et_pb_text_0\">\n<h1>\u00a0\u00ab\u00a0La Vie est un Parfum, Respirez-la !<em> \u00ab\u00a0<\/em><\/h1>\n<h1>Roman de Pauline Dumail &#8211; Editions Kawa<\/h1>\n<\/div>\n<p>[\/et_pb_text][et_pb_image src=\u00a0\u00bbhttps:\/\/paulinedumail.com\/wp-content\/uploads\/2016\/06\/couverture-3D.jpg\u00a0\u00bb url=\u00a0\u00bbhttps:\/\/paulinedumail.com\/index.php\/produit\/la-vie-est-un-parfum-respirez-la\/\u00a0\u00bb align=\u00a0\u00bbcenter\u00a0\u00bb align_tablet=\u00a0\u00bbcenter\u00a0\u00bb align_last_edited=\u00a0\u00bbon|desktop\u00a0\u00bb admin_label=\u00a0\u00bbImage\u00a0\u00bb _builder_version=\u00a0\u00bb3.23&Prime; use_border_color=\u00a0\u00bboff\u00a0\u00bb border_color=\u00a0\u00bb#ffffff\u00a0\u00bb border_style=\u00a0\u00bbsolid\u00a0\u00bb animation=\u00a0\u00bboff\u00a0\u00bb sticky=\u00a0\u00bboff\u00a0\u00bb always_center_on_mobile=\u00a0\u00bbon\u00a0\u00bb] [\/et_pb_image][et_pb_text admin_label=\u00a0\u00bbTexte\u00a0\u00bb _builder_version=\u00a0\u00bb3.27.4&Prime; background_size=\u00a0\u00bbinitial\u00a0\u00bb background_position=\u00a0\u00bbtop_left\u00a0\u00bb background_repeat=\u00a0\u00bbrepeat\u00a0\u00bb text_orientation=\u00a0\u00bbcenter\u00a0\u00bb module_alignment=\u00a0\u00bbcenter\u00a0\u00bb use_border_color=\u00a0\u00bboff\u00a0\u00bb border_color=\u00a0\u00bb#ffffff\u00a0\u00bb border_style=\u00a0\u00bbsolid\u00a0\u00bb]<\/p>\n<p style=\"text-align: center;\">EXTRAIT<\/p>\n<p><strong>1991 <\/strong><\/p>\n<p>Louise, au travers de ses voyages \u00e0 la d\u00e9couverte de nouveaux ar\u00f4mes, apprend \u00e9galement beaucoup sur la nature humaine. Elle s\u2019est engag\u00e9e pour participer au r\u00e9tablissement d\u2019un \u00e9quilibre, par des actions sur le terrain, en donnant du temps et de ses comp\u00e9tences aux populations locales, et elle a aussi beaucoup re\u00e7u d\u2019eux.<\/p>\n<p>Si elle poss\u00e8de un talent in\u00e9gal\u00e9 pour le sourcing, elle soutient \u00e9galement des ONG impliqu\u00e9es dans des programmes de plus grande envergure pour l\u2019acc\u00e8s \u00e0 l\u2019eau, \u00e0 l\u2019\u00e9ducation, \u00e0 la sant\u00e9 et \u00e0 la pr\u00e9servation de la bio-diversit\u00e9.<\/p>\n<p>Elle est au S\u00e9n\u00e9gal actuellement, \u00e0 Toubacouta, dans le delta du Saloum, au sud de Dakar, dans la r\u00e9gion de Kaolack. Elle est \u00e0 la recherche de nouvelles essences, et participe au voyage avec une ONG, Man &amp; Nature, qui vise \u00e0 prot\u00e9ger la biodiversit\u00e9 et les conditions de vie des hommes et des femmes qui peuplent ces magnifiques territoires. Elle a rencontr\u00e9 Tom, le fondateur de l\u2019ONG, \u00e0 Paris, et a particip\u00e9 \u00e0 cette aventure d\u00e8s les pr\u00e9paratifs.<\/p>\n<p>Et c\u2019est au S\u00e9n\u00e9gal qu\u2019elle d\u00e9couvre le pouvoir et la force de la Femme. Capables de s\u2019organiser en r\u00e9seaux, de r\u00e9unir plusieurs villages pour travailler de concert, et de mettre en place des fili\u00e8res qui les font vivre et prot\u00e8gent la bio-diversit\u00e9, ces femmes travaillent par des temp\u00e9ratures d\u00e9passant les quarante degr\u00e9s. Les fagots qu\u2019elles portent sur la t\u00eate sont lourds et volumineux, et demandent une concentration optimale dans l\u2019effort et l\u2019\u00e9quilibre. Les yeux se font fixes, les visages graves, les muscles tendus. Mais jamais elles ne se plaignent. Et lorsqu\u2019enfin elles les d\u00e9posent, c\u2019est la joie et le sourire que l\u2019on retrouve sur leurs visages, ainsi que\u2026 la danse, les rythmes et les chants\u00a0!!<\/p>\n<p>Ce soir, elle partage son repas avec certaines d\u2019entre elles, dont Aminata, la femme aux 900 femmes, surnomm\u00e9e ainsi parce qu\u2019elle coordonne le groupement de neuf cents femmes qui regroupe quatre villages. Elles ont le m\u00eame \u00e2ge, et c\u2019est comme si elles se connaissaient depuis toujours. Elles sont assises sur le sol, d\u00e9gustant leur repas fait de l\u00e9gumes aux saveurs de soleil dans un grand plat commun. Pas d\u2019assiettes ici, un esprit communautaire qui se retrouve jusque dans la mani\u00e8re de partager le repas.<\/p>\n<p>Louise et Aminata partent se promener toutes les deux. La teneur de leurs \u00e9changes ne sera pas d\u00e9voil\u00e9e ici, car ce sont des secrets de femmes, mais le sourire qui illumine le visage d\u2019Aminata, d\u00e9couvrant une large rang\u00e9e de dents coquines, montre un app\u00e9tit pour la plus belle et savoureuse chose qui soit, la Vie. Ses deux pommettes g\u00e9n\u00e9reuses donnent envie de croquer ses joues, alors que son grand nez \u00e9pat\u00e9 se plisse en quelques ridules entre les deux yeux, p\u00e9tillants de vie, d\u2019\u00e9veil et d\u2019intelligence. Louise est v\u00eatue d\u2019un boubou en coton jaune et rose qui l\u2019habille jusqu\u2019aux pieds, et d\u00e9guste la libert\u00e9 absolue de la pl\u00e9nitude des nus en toute intimit\u00e9. A leur retour, une odeur douce et \u00e2cre \u00e0 la fois vient chatouiller leurs narines.<\/p>\n<ul>\n<li>qu\u2019est-ce que c\u2019est\u00a0? demande Louise, le nez en alerte.<\/li>\n<li>C\u2019est de l\u2019\u00e9corce de bois de santang, que nous faisons br\u00fbler avec du charbon pour \u00e9loigner les moustiques.<\/li>\n<li>C\u2019est plut\u00f4t agr\u00e9able comme r\u00e9pulsif anti-moustique\u2026<\/li>\n<\/ul>\n<p>Elle part demain en exp\u00e9dition dans la r\u00e9serve de Fathala, trois jours et trois nuits au c\u0153ur de la nature. Des conditions un peu difficiles, beaucoup de marche sous une chaleur \u00e9crasante, des nuits \u00e9touffantes et un confort plus que rudimentaire. Tom bien s\u00fbr fait partie de l\u2019exp\u00e9dition, avec Jean, leur guide, et Ybu sp\u00e9cialiste des plantes m\u00e9dicinales, qui leur d\u00e9livre ses secrets au fur et \u00e0 mesure de leurs rencontres avec la flore. Il est une encyclop\u00e9die vivante, mais au-del\u00e0 de la connaissance, il entre en connexion avec les plantes. Ag\u00e9 d\u2019une cinquantaine d\u2019ann\u00e9es, sa peau noire est \u00e9clair\u00e9e. Sa large bouche, ses l\u00e8vres ferm\u00e9es enserrent des secrets pr\u00eats \u00e0 \u00eatre partag\u00e9s. Ses yeux noirs profonds sondent l\u2019\u00e2me, et les rides sur son front forment un arbre dont le tronc descend vers le troisi\u00e8me oeil. C\u2019est un sage et c\u2019est bon d\u2019\u00e9couter ses paroles.<\/p>\n<p>Cette for\u00eat est absolument remarquable en ceci qu\u2019elle h\u00e9berge des biotopes tr\u00e8s distincts \u00e0 quelques centaines de m\u00e8tres d\u2019intervalles. Apr\u00e8s les majestueux baobabs en lisi\u00e8re dans la mangrove, qui forcent respect, admiration et humilit\u00e9, ils se trouvent \u00e0 pr\u00e9sent au milieu d\u2019une for\u00eat d\u2019arbres au bois clair couleur de lune, pas tr\u00e8s \u00e9pais, environ quarante centim\u00e8tres de diam\u00e8tres, mais tr\u00e8s hauts, avec des branches qui partent en courbes suaves dans les airs, tels de grands bonhommes d\u00e9gingand\u00e9s sur des \u00e9chasses, et lisses, permettant un contact d\u2019une grande douceur. Louise leur fait des c\u00e2lins, les entourant de ses bras, et plaquant son visage et son corps contre leurs troncs. Elle est comme hypnotis\u00e9e. Et lorsqu\u2019Ybou prononce le nom de ces arbres, son c\u0153ur se met \u00e0 battre plus vite. C\u2019est donc \u00e7a le Santang\u2026 elle en pr\u00e9l\u00e8ve d\u00e9licatement quelques \u00e9corces, avec respect, et les met dans son sac tel un tr\u00e9sor.<\/p>\n<p>De retour au campement, Tom et Louise se mettent \u00e0 l\u2019\u0153uvre de la distillation. Louise a ramen\u00e9 depuis Paris un alambic portatif d\u2019une capacit\u00e9 de 30 litres. Comme elle dit en riant<\/p>\n<p>\u00ab\u00a0Jamais sans mon alambic\u00a0\u00bb<\/p>\n<p>Ils regardent les gouttes se condenser pour devenir vapeur, puis revenir liquide, charg\u00e9es des mol\u00e9cules aromatiques de ce bois au nom myst\u00e9rieux. Le temps est suspendu. Entre l\u2019impatience de d\u00e9couvrir cette essence et le bonheur de l\u2019instant pr\u00e9sent, de ces petits grelots dans le ventre qui tintent, comme lorsqu\u2019on vient de recevoir un paquet, qu\u2019on sait que ce qu\u2019il y a dedans va nous mettre en joie, et qu\u2019on retarde expr\u00e8s le moment de l\u2019ouvrir, qu\u2019on lui fait faire un petit tour, qu\u2019on vaque \u00e0 d\u2019autres t\u00e2ches, en le gardant dans sa ligne de mire visuelle et mentale. Qu\u2019on laisse monter l\u2019excitation jusqu\u2019\u00e0 son paroxysme.<\/p>\n<p>\u00c7a y est, c\u2019est le moment de recueillir l\u2019elixir, et d\u2019\u00eatre pr\u00e9sent\u00e9s\u2026<\/p>\n<p>&nbsp;<\/p>\n<p>Pauline Dumail<br \/>\n[\/et_pb_text][et_pb_text admin_label=\u00a0\u00bbTexte\u00a0\u00bb _builder_version=\u00a0\u00bb3.27.4&Prime; background_size=\u00a0\u00bbinitial\u00a0\u00bb background_position=\u00a0\u00bbtop_left\u00a0\u00bb background_repeat=\u00a0\u00bbrepeat\u00a0\u00bb text_orientation=\u00a0\u00bbcenter\u00a0\u00bb module_alignment=\u00a0\u00bbcenter\u00a0\u00bb use_border_color=\u00a0\u00bboff\u00a0\u00bb border_color=\u00a0\u00bb#ffffff\u00a0\u00bb border_style=\u00a0\u00bbsolid\u00a0\u00bb]R\u00e9sum\u00e9<\/p>\n<div class=\"et_pb_text et_pb_module et_pb_bg_layout_light et_pb_text_align_center et_pb_text_1\">\n<p>Louise est une vieille dame malicieuse au caract\u00e8re bien tremp\u00e9, mais c\u2019est aussi un grand Nez de la parfumerie. Son monde est peupl\u00e9 de senteurs\u00a0: elle connecte aux mondes invisibles avec le bois de santal, apaise avec le petit grain bigaradier et donne (et trouve !) le sourire avec le jasmin. Elle n\u2019h\u00e9site pas non plus \u00e0 utiliser le poivre, au risque et p\u00e9ril des personnes qui l\u2019entourent. C\u2019est d\u2019ailleurs gr\u00e2ce \u00e0 lui qu\u2019elle fait la connaissance de Ma\u00efa.<\/p>\n<p>Arm\u00e9e de son alambic et d\u2019une curiosit\u00e9 insatiable, elle a fait le tour du monde pour r\u00e9colter ses pr\u00e9cieuses essences naturelles. Il est maintenant temps pour elle de transmettre son savoir. Peut-\u00eatre pressent-elle l\u2019importance qu\u2019auront ses pr\u00e9cieux parfums dans quarante ou quatre mille ans ?<\/p>\n<p><em>La Vie est un Parfum, Respirez-l\u00e0 !\u00a0<\/em>est une invitation aux voyages\u00a0:<\/p>\n<ul>\n<li>des voyages au coeur de l\u2019\u00e2me \u00e0 travers les parfums.<\/li>\n<li>des voyages dans l\u2019espace, partout sur la plan\u00e8te, mais aussi en dehors\u2026<\/li>\n<li>des voyages dans le temps, de 1981 \u00e0 6016\u2026<\/li>\n<li>des voyages initiatiques, \u00e0 la d\u00e9couverte de soi et de l\u2019autre.<\/li>\n<\/ul>\n<\/div>\n<p>[\/et_pb_text][\/et_pb_column][\/et_pb_row][et_pb_row column_structure=\u00a0\u00bb1_3,1_3,1_3&Prime; admin_label=\u00a0\u00bbrow\u00a0\u00bb _builder_version=\u00a0\u00bb3.25&Prime; background_size=\u00a0\u00bbinitial\u00a0\u00bb background_position=\u00a0\u00bbtop_left\u00a0\u00bb background_repeat=\u00a0\u00bbrepeat\u00a0\u00bb][et_pb_column type=\u00a0\u00bb1_3&Prime; _builder_version=\u00a0\u00bb3.25&Prime; custom_padding=\u00a0\u00bb|||\u00a0\u00bb custom_padding__hover=\u00a0\u00bb|||\u00a0\u00bb][et_pb_button button_url=\u00a0\u00bbhttps:\/\/paulinedumail.com\/index.php\/produit\/livre-marque-pages\/\u00a0\u00bb button_text=\u00a0\u00bbACHETER LA VIE EST UN PARFUM, RESPIREZ-LA ! AVEC LES 4 MARQUE-PAGES PARFUMES\u00a0\u00bb button_alignment=\u00a0\u00bbcenter\u00a0\u00bb _builder_version=\u00a0\u00bb4.4.5&Prime; custom_button=\u00a0\u00bbon\u00a0\u00bb button_text_size=\u00a0\u00bb14&Prime; button_text_color=\u00a0\u00bb273583 \u00a0\u00bb button_border_color=\u00a0\u00bb#ffffff\u00a0\u00bb button_border_radius=\u00a0\u00bb8&Prime; button_use_icon=\u00a0\u00bboff\u00a0\u00bb button_border_radius_hover=\u00a0\u00bb8&Prime; button_bg_color_hover=\u00a0\u00bbrgba(255,166,2,0.64)\u00a0\u00bb saved_tabs=\u00a0\u00bball\u00a0\u00bb button_text_size__hover_enabled=\u00a0\u00bboff\u00a0\u00bb button_one_text_size__hover_enabled=\u00a0\u00bboff\u00a0\u00bb button_two_text_size__hover_enabled=\u00a0\u00bboff\u00a0\u00bb button_text_color__hover_enabled=\u00a0\u00bboff\u00a0\u00bb button_one_text_color__hover_enabled=\u00a0\u00bboff\u00a0\u00bb button_two_text_color__hover_enabled=\u00a0\u00bboff\u00a0\u00bb button_border_width__hover_enabled=\u00a0\u00bboff\u00a0\u00bb button_one_border_width__hover_enabled=\u00a0\u00bboff\u00a0\u00bb button_two_border_width__hover_enabled=\u00a0\u00bboff\u00a0\u00bb button_border_color__hover_enabled=\u00a0\u00bboff\u00a0\u00bb button_one_border_color__hover_enabled=\u00a0\u00bboff\u00a0\u00bb button_two_border_color__hover_enabled=\u00a0\u00bboff\u00a0\u00bb button_border_radius__hover_enabled=\u00a0\u00bbon\u00a0\u00bb button_border_radius__hover=\u00a0\u00bb8&Prime; button_one_border_radius__hover_enabled=\u00a0\u00bboff\u00a0\u00bb button_two_border_radius__hover_enabled=\u00a0\u00bboff\u00a0\u00bb button_letter_spacing__hover_enabled=\u00a0\u00bboff\u00a0\u00bb button_one_letter_spacing__hover_enabled=\u00a0\u00bboff\u00a0\u00bb button_two_letter_spacing__hover_enabled=\u00a0\u00bboff\u00a0\u00bb button_bg_color__hover_enabled=\u00a0\u00bbon\u00a0\u00bb button_bg_color__hover=\u00a0\u00bbrgba(255,166,2,0.64)\u00a0\u00bb button_one_bg_color__hover_enabled=\u00a0\u00bboff\u00a0\u00bb button_two_bg_color__hover_enabled=\u00a0\u00bboff\u00a0\u00bb][\/et_pb_button][\/et_pb_column][et_pb_column type=\u00a0\u00bb1_3&Prime; _builder_version=\u00a0\u00bb3.25&Prime; custom_padding=\u00a0\u00bb|||\u00a0\u00bb custom_padding__hover=\u00a0\u00bb|||\u00a0\u00bb][et_pb_button button_url=\u00a0\u00bbhttp:\/\/www.paulinedumail.com\/index.php\/produit\/le-parfum-des-origines-2\/\u00a0\u00bb button_text=\u00a0\u00bbACHETER LA VIE EST UN PARFUM, RESPIREZ-LA ! AVEC 1 MARQUE-PAGE PARFUME\u00a0\u00bb button_alignment=\u00a0\u00bbcenter\u00a0\u00bb _builder_version=\u00a0\u00bb4.4.5&Prime; custom_button=\u00a0\u00bbon\u00a0\u00bb button_text_size=\u00a0\u00bb14&Prime; button_text_color=\u00a0\u00bb273583 \u00a0\u00bb button_border_color=\u00a0\u00bb#ffffff\u00a0\u00bb button_border_radius=\u00a0\u00bb8&Prime; button_use_icon=\u00a0\u00bboff\u00a0\u00bb button_border_radius_hover=\u00a0\u00bb8&Prime; button_bg_color_hover=\u00a0\u00bbrgba(255,166,2,0.64)\u00a0\u00bb saved_tabs=\u00a0\u00bball\u00a0\u00bb button_text_size__hover_enabled=\u00a0\u00bboff\u00a0\u00bb button_one_text_size__hover_enabled=\u00a0\u00bboff\u00a0\u00bb button_two_text_size__hover_enabled=\u00a0\u00bboff\u00a0\u00bb button_text_color__hover_enabled=\u00a0\u00bboff\u00a0\u00bb button_one_text_color__hover_enabled=\u00a0\u00bboff\u00a0\u00bb button_two_text_color__hover_enabled=\u00a0\u00bboff\u00a0\u00bb button_border_width__hover_enabled=\u00a0\u00bboff\u00a0\u00bb button_one_border_width__hover_enabled=\u00a0\u00bboff\u00a0\u00bb button_two_border_width__hover_enabled=\u00a0\u00bboff\u00a0\u00bb button_border_color__hover_enabled=\u00a0\u00bboff\u00a0\u00bb button_one_border_color__hover_enabled=\u00a0\u00bboff\u00a0\u00bb button_two_border_color__hover_enabled=\u00a0\u00bboff\u00a0\u00bb button_border_radius__hover_enabled=\u00a0\u00bbon\u00a0\u00bb button_border_radius__hover=\u00a0\u00bb8&Prime; button_one_border_radius__hover_enabled=\u00a0\u00bboff\u00a0\u00bb button_two_border_radius__hover_enabled=\u00a0\u00bboff\u00a0\u00bb button_letter_spacing__hover_enabled=\u00a0\u00bboff\u00a0\u00bb button_one_letter_spacing__hover_enabled=\u00a0\u00bboff\u00a0\u00bb button_two_letter_spacing__hover_enabled=\u00a0\u00bboff\u00a0\u00bb button_bg_color__hover_enabled=\u00a0\u00bbon\u00a0\u00bb button_bg_color__hover=\u00a0\u00bbrgba(255,166,2,0.64)\u00a0\u00bb button_one_bg_color__hover_enabled=\u00a0\u00bboff\u00a0\u00bb button_two_bg_color__hover_enabled=\u00a0\u00bboff\u00a0\u00bb][\/et_pb_button][\/et_pb_column][et_pb_column type=\u00a0\u00bb1_3&Prime; _builder_version=\u00a0\u00bb3.25&Prime; custom_padding=\u00a0\u00bb|||\u00a0\u00bb custom_padding__hover=\u00a0\u00bb|||\u00a0\u00bb][et_pb_button button_url=\u00a0\u00bbhttps:\/\/paulinedumail.com\/index.php\/produit\/les-4-marque-pages-parfumes\/\u00a0\u00bb button_text=\u00a0\u00bbACHETER LES 4 MARQUE-PAGES PARFUMES AUX PARFUMS DES 4 PERSONNAGES PRINCIPAUX DU LIVRE\u00a0\u00bb button_alignment=\u00a0\u00bbcenter\u00a0\u00bb _builder_version=\u00a0\u00bb4.4.5&Prime; custom_button=\u00a0\u00bbon\u00a0\u00bb button_text_size=\u00a0\u00bb14&Prime; button_text_color=\u00a0\u00bb273583 \u00a0\u00bb button_border_color=\u00a0\u00bb#ffffff\u00a0\u00bb button_border_radius=\u00a0\u00bb8&Prime; button_border_radius_hover=\u00a0\u00bb8&Prime; button_bg_color_hover=\u00a0\u00bbrgba(255,166,2,0.64)\u00a0\u00bb saved_tabs=\u00a0\u00bball\u00a0\u00bb button_text_size__hover_enabled=\u00a0\u00bboff\u00a0\u00bb button_one_text_size__hover_enabled=\u00a0\u00bboff\u00a0\u00bb button_two_text_size__hover_enabled=\u00a0\u00bboff\u00a0\u00bb button_text_color__hover_enabled=\u00a0\u00bboff\u00a0\u00bb button_one_text_color__hover_enabled=\u00a0\u00bboff\u00a0\u00bb button_two_text_color__hover_enabled=\u00a0\u00bboff\u00a0\u00bb button_border_width__hover_enabled=\u00a0\u00bboff\u00a0\u00bb button_one_border_width__hover_enabled=\u00a0\u00bboff\u00a0\u00bb button_two_border_width__hover_enabled=\u00a0\u00bboff\u00a0\u00bb button_border_color__hover_enabled=\u00a0\u00bboff\u00a0\u00bb button_one_border_color__hover_enabled=\u00a0\u00bboff\u00a0\u00bb button_two_border_color__hover_enabled=\u00a0\u00bboff\u00a0\u00bb button_border_radius__hover_enabled=\u00a0\u00bbon\u00a0\u00bb button_border_radius__hover=\u00a0\u00bb8&Prime; button_one_border_radius__hover_enabled=\u00a0\u00bboff\u00a0\u00bb button_two_border_radius__hover_enabled=\u00a0\u00bboff\u00a0\u00bb button_letter_spacing__hover_enabled=\u00a0\u00bboff\u00a0\u00bb button_one_letter_spacing__hover_enabled=\u00a0\u00bboff\u00a0\u00bb button_two_letter_spacing__hover_enabled=\u00a0\u00bboff\u00a0\u00bb button_bg_color__hover_enabled=\u00a0\u00bbon\u00a0\u00bb button_bg_color__hover=\u00a0\u00bbrgba(255,166,2,0.64)\u00a0\u00bb button_one_bg_color__hover_enabled=\u00a0\u00bboff\u00a0\u00bb button_two_bg_color__hover_enabled=\u00a0\u00bboff\u00a0\u00bb][\/et_pb_button][\/et_pb_column][\/et_pb_row][\/et_pb_section]<\/p>\n","protected":false},"excerpt":{"rendered":"<p>La Vie est un Parfum, Respirez-l\u00e0 ! \u2013 Roman \u2013 Extrait 2 \u2013 Ils regardent les gouttes se condenser pour devenir vapeur, puis revenir liquide, charg\u00e9es des mol\u00e9cules aromatiques de ce bois au nom myst\u00e9rieux. Le temps est suspendu. \u00c7a y est, c\u2019est le moment d\u2019\u00eatre pr\u00e9sent\u00e9s\u2026<\/p>\n","protected":false},"author":1,"featured_media":0,"comment_status":"open","ping_status":"open","sticky":false,"template":"","format":"standard","meta":{"_et_pb_use_builder":"on","_et_pb_old_content":"","_et_gb_content_width":"","_price":"","_stock":"","_tribe_ticket_header":"","_tribe_default_ticket_provider":"","_tribe_ticket_capacity":"0","_ticket_start_date":"","_ticket_end_date":"","_tribe_ticket_show_description":"","_tribe_ticket_show_not_going":false,"_tribe_ticket_use_global_stock":"","_tribe_ticket_global_stock_level":"","_global_stock_mode":"","_global_stock_cap":"","_tribe_rsvp_for_event":"","_tribe_ticket_going_count":"","_tribe_ticket_not_going_count":"","_tribe_tickets_list":"[]","_tribe_ticket_has_attendee_info_fields":false,"_EventAllDay":false,"_EventTimezone":"","_EventStartDate":"","_EventEndDate":"","_EventStartDateUTC":"","_EventEndDateUTC":"","_EventShowMap":false,"_EventShowMapLink":false,"_EventURL":"","_EventCost":"","_EventCostDescription":"","_EventCurrencySymbol":"","_EventCurrencyCode":"","_EventCurrencyPosition":"","_EventDateTimeSeparator":"","_EventTimeRangeSeparator":"","_EventOrganizerID":[],"_EventVenueID":[],"_OrganizerEmail":"","_OrganizerPhone":"","_OrganizerWebsite":"","_VenueAddress":"","_VenueCity":"","_VenueCountry":"","_VenueProvince":"","_VenueState":"","_VenueZip":"","_VenuePhone":"","_VenueURL":"","_VenueStateProvince":"","_VenueLat":"","_VenueLng":"","_VenueShowMap":false,"_VenueShowMapLink":false,"footnotes":""},"categories":[26],"tags":[],"class_list":["post-3054","post","type-post","status-publish","format-standard","hentry","category-prose-sensorielle"],"aioseo_notices":[],"_links":{"self":[{"href":"https:\/\/paulinedumail.com\/index.php\/wp-json\/wp\/v2\/posts\/3054","targetHints":{"allow":["GET"]}}],"collection":[{"href":"https:\/\/paulinedumail.com\/index.php\/wp-json\/wp\/v2\/posts"}],"about":[{"href":"https:\/\/paulinedumail.com\/index.php\/wp-json\/wp\/v2\/types\/post"}],"author":[{"embeddable":true,"href":"https:\/\/paulinedumail.com\/index.php\/wp-json\/wp\/v2\/users\/1"}],"replies":[{"embeddable":true,"href":"https:\/\/paulinedumail.com\/index.php\/wp-json\/wp\/v2\/comments?post=3054"}],"version-history":[{"count":8,"href":"https:\/\/paulinedumail.com\/index.php\/wp-json\/wp\/v2\/posts\/3054\/revisions"}],"predecessor-version":[{"id":20023,"href":"https:\/\/paulinedumail.com\/index.php\/wp-json\/wp\/v2\/posts\/3054\/revisions\/20023"}],"wp:attachment":[{"href":"https:\/\/paulinedumail.com\/index.php\/wp-json\/wp\/v2\/media?parent=3054"}],"wp:term":[{"taxonomy":"category","embeddable":true,"href":"https:\/\/paulinedumail.com\/index.php\/wp-json\/wp\/v2\/categories?post=3054"},{"taxonomy":"post_tag","embeddable":true,"href":"https:\/\/paulinedumail.com\/index.php\/wp-json\/wp\/v2\/tags?post=3054"}],"curies":[{"name":"wp","href":"https:\/\/api.w.org\/{rel}","templated":true}]}}