{"id":22792,"date":"2020-10-31T06:06:44","date_gmt":"2020-10-31T05:06:44","guid":{"rendered":"https:\/\/paulinedumail.com\/?p=22792"},"modified":"2020-10-28T22:12:38","modified_gmt":"2020-10-28T21:12:38","slug":"samain-31-10-2020","status":"publish","type":"post","link":"https:\/\/paulinedumail.com\/index.php\/2020\/10\/31\/samain-31-10-2020\/","title":{"rendered":"Samain &#8211; 31\/10\/2020"},"content":{"rendered":"<p>[et_pb_section fb_built=\u00a0\u00bb1&Prime; _builder_version=\u00a0\u00bb3.26.7&Prime;][et_pb_row _builder_version=\u00a0\u00bb4.4.5&Prime;][et_pb_column type=\u00a0\u00bb4_4&Prime; _builder_version=\u00a0\u00bb4.4.5&Prime;][et_pb_divider divider_weight=\u00a0\u00bb3px\u00a0\u00bb _builder_version=\u00a0\u00bb4.4.5&Prime;][\/et_pb_divider][\/et_pb_column][\/et_pb_row][et_pb_row column_structure=\u00a0\u00bb1_5,3_5,1_5&Prime; _builder_version=\u00a0\u00bb4.6.6&Prime; _module_preset=\u00a0\u00bbdefault\u00a0\u00bb min_height=\u00a0\u00bb238px\u00a0\u00bb][et_pb_column type=\u00a0\u00bb1_5&Prime; _builder_version=\u00a0\u00bb4.6.6&Prime; _module_preset=\u00a0\u00bbdefault\u00a0\u00bb][\/et_pb_column][et_pb_column type=\u00a0\u00bb3_5&Prime; _builder_version=\u00a0\u00bb4.6.6&Prime; _module_preset=\u00a0\u00bbdefault\u00a0\u00bb][et_pb_image src=\u00a0\u00bbhttps:\/\/paulinedumail.com\/wp-content\/uploads\/2020\/10\/yeux.jpg\u00a0\u00bb title_text=\u00a0\u00bbyeux\u00a0\u00bb _builder_version=\u00a0\u00bb4.6.6&Prime; _module_preset=\u00a0\u00bbdefault\u00a0\u00bb][\/et_pb_image][\/et_pb_column][et_pb_column type=\u00a0\u00bb1_5&Prime; _builder_version=\u00a0\u00bb4.6.6&Prime; _module_preset=\u00a0\u00bbdefault\u00a0\u00bb][\/et_pb_column][\/et_pb_row][et_pb_row _builder_version=\u00a0\u00bb3.26.7&Prime;][et_pb_column type=\u00a0\u00bb4_4&Prime; _builder_version=\u00a0\u00bb3.26.7&Prime;][et_pb_text _builder_version=\u00a0\u00bb4.6.6&Prime;]<\/p>\n<p>En ce 31 octobre 2020, nous c\u00e9l\u00e9brons Samain, f\u00eate celtique, \u00e0 l&rsquo;origine d&rsquo;Halloween &#x1f383;, de la Toussaint dans la tradition catholique, assortie de couleurs ch\u00e2toyantes dans la culture mexicaine, avec le \u00ab\u00a0dia de los muertes\u00a0\u00bb.<\/p>\n<p>Le jour de Samain, la porte entre le monde des morts et des vivants, devient plus t\u00e9nue &#x2620;&#xfe0f;. Les d\u00e9funts reviennent rendre visite \u00e0 ceux qui leur sont chers, et les terriens proches de la fin de leur voyage se pr\u00e9parent \u00e0 partir.<\/p>\n<p>Dans le rite celtique, on \u00e9teignait le feu la veille de Samain, pour rallumer feu de joie, une fois la nuit tomb\u00e9e, le jour de la c\u00e9l\u00e9bration, et prot\u00e9ger le foyer jursqu&rsquo;\u00e0 l&rsquo;ann\u00e9e suivante. Cette date marquait la fin de l&rsquo;ann\u00e9e celtique, et le d\u00e9but de la suivante, avec entre les deux, un espace entre les mondes hors du temps.<\/p>\n<p>Aujourd&rsquo;hui, c&rsquo;est Samain, et c&rsquo;est aussi&#8230; une pleine lune &#x1f315;. Et c&rsquo;est aussi&#8230; la deuxi\u00e8me pleine lune du mois d&rsquo;octobre, ce qui nous fera une ann\u00e9e \u00e0 13 lunes. Cette deuxi\u00e8me lune du m\u00eame mois on l&rsquo;appelle \u00ab\u00a0lune bleue\u00a0\u00bb&#x1f311; (en anglais \u00ab\u00a0once in a blue moon\u00a0\u00bb veut dire tous les 36 du mois)<\/p>\n<p>Cette pleine lune a lieu dans l&rsquo;axe taureau-scorpion (lune en taureau &#x2649;, soleil en scorpion &#x264f;).<\/p>\n<p>Et dans le taureau, signe de stabilit\u00e9, qui aime bien la s\u00e9curit\u00e9 et le train train, c&rsquo;est&#8230; le grand rebelle et r\u00e9volutionnaire Uranus qui tr\u00f4ne actuellement ! &#x1f631;<\/p>\n<p>Dans la mythologie grecque, Uranos (le ciel), est le fils de Gaia (la terre), et a engendr\u00e9 avec sa m\u00e8re la grande dynastie divine. Uranus, puissance de la pens\u00e9e cr\u00e9atrice, du changement, de l&rsquo;\u00e9volution.<\/p>\n<p>Bref, y a du changement dans l&rsquo;air, avec les eaux \u00e9motionnelles du scorpion (o\u00f9 tr\u00f4ne le soleil donc) qui vont passer au premier plan. En d&rsquo;autres termes, attachez vos ceintures, \u00e7a va secouer !<\/p>\n<p>Si \u00e7a n&rsquo;est toujours pas clair, en un mot FUUUUUUYEEEEEZ !!!!\u00a0 (non je plaisante &#x1f604;)<\/p>\n<p>Il y a du positif en toutes choses vous savez, et chaque \u00e9preuve est une opportunit\u00e9 d&rsquo;apprentissage. Pr\u00e9sentement, j&rsquo;ai le plaisir de vous annoncer que vous allez monter en comp\u00e9tences sur le pilotage de balai &#x1f9f9;&#8230; apprendre \u00e0 \u00e9viter l&rsquo;oeil du cyclone&#x1f32a;&#xfe0f;&#8230; et la foudre &#x26a1;, et parvenir \u00e0 traverser les perturbations tout en restant sur votre monture &#x1f606;. Attention \u00e9galement aux collisions avec les autres balais (oui parce qu&rsquo;en plus, Mercure, la plan\u00e8te de la communication et des transports, est r\u00e9trograde &#x1f631;)<\/p>\n<p>Pour ce Samain 2020, il n&rsquo;y aura point de carrosses, que des citrouilles, confinement oblige. Alors, si vous avez la chance d&rsquo;avoir un poele ou une chemin\u00e9e, faites un bon feu &#x1f525;, mettez votre nez dehors pour admirer cette pleine lune, et branchez-vous sur votre \u00e9nergie cr\u00e9atrice plut\u00f4t que destructrice.<\/p>\n<p>Pour ma part, ce sont mes pinceaux qui m&rsquo;ont appel\u00e9e cette fois, avec, comme toile, mon visage &#x1f9d9;<\/p>\n<p>Bon Samain, bonne pleine lune les amis ! &#x1f5a4;<\/p>\n<p>Pauline Dumail<\/p>\n<p>[\/et_pb_text][\/et_pb_column][\/et_pb_row][et_pb_row column_structure=\u00a0\u00bb1_3,1_3,1_3&Prime; _builder_version=\u00a0\u00bb4.6.6&Prime; _module_preset=\u00a0\u00bbdefault\u00a0\u00bb min_height=\u00a0\u00bb238px\u00a0\u00bb][et_pb_column type=\u00a0\u00bb1_3&Prime; _builder_version=\u00a0\u00bb4.6.6&Prime; _module_preset=\u00a0\u00bbdefault\u00a0\u00bb][et_pb_image src=\u00a0\u00bbhttps:\/\/paulinedumail.com\/wp-content\/uploads\/2020\/10\/IMG_0406.jpg\u00a0\u00bb title_text=\u00a0\u00bbIMG_0406&Prime; _builder_version=\u00a0\u00bb4.6.6&Prime; _module_preset=\u00a0\u00bbdefault\u00a0\u00bb][\/et_pb_image][\/et_pb_column][et_pb_column type=\u00a0\u00bb1_3&Prime; _builder_version=\u00a0\u00bb4.6.6&Prime; _module_preset=\u00a0\u00bbdefault\u00a0\u00bb][\/et_pb_column][et_pb_column type=\u00a0\u00bb1_3&Prime; _builder_version=\u00a0\u00bb4.6.6&Prime; _module_preset=\u00a0\u00bbdefault\u00a0\u00bb][\/et_pb_column][\/et_pb_row][et_pb_row _builder_version=\u00a0\u00bb4.4.5&Prime;][et_pb_column type=\u00a0\u00bb4_4&Prime; _builder_version=\u00a0\u00bb4.4.5&Prime;][et_pb_divider divider_weight=\u00a0\u00bb3px\u00a0\u00bb _builder_version=\u00a0\u00bb4.4.5&Prime;][\/et_pb_divider][\/et_pb_column][\/et_pb_row][et_pb_row _builder_version=\u00a0\u00bb4.6.6&Prime; _module_preset=\u00a0\u00bbdefault\u00a0\u00bb][et_pb_column type=\u00a0\u00bb4_4&Prime; _builder_version=\u00a0\u00bb4.6.6&Prime; _module_preset=\u00a0\u00bbdefault\u00a0\u00bb][et_pb_text _builder_version=\u00a0\u00bb4.6.6&Prime; _module_preset=\u00a0\u00bbdefault\u00a0\u00bb]<\/p>\n<p>Et pour terminer ce billet en beaut\u00e9, je partage avec vous ce joli morceau d&rsquo;architecture musicale et po\u00e9tique lunaire, \u00ab\u00a0pourquoi regardes-tu la lune\u00a0\u00bb, d&rsquo;Anouk A\u00efata, dont je vous mets le lien you tube et les paroles ci-dessous.<\/p>\n<p>[\/et_pb_text][\/et_pb_column][\/et_pb_row][et_pb_row column_structure=\u00a0\u00bb1_2,1_4,1_4&Prime; _builder_version=\u00a0\u00bb4.6.6&Prime; _module_preset=\u00a0\u00bbdefault\u00a0\u00bb][et_pb_column type=\u00a0\u00bb1_2&Prime; _builder_version=\u00a0\u00bb4.6.6&Prime; _module_preset=\u00a0\u00bbdefault\u00a0\u00bb][et_pb_video src=\u00a0\u00bbhttps:\/\/youtu.be\/YizCN_VRWcw\u00a0\u00bb _builder_version=\u00a0\u00bb4.6.6&Prime; _module_preset=\u00a0\u00bbdefault\u00a0\u00bb][\/et_pb_video][\/et_pb_column][et_pb_column type=\u00a0\u00bb1_4&Prime; _builder_version=\u00a0\u00bb4.6.6&Prime; _module_preset=\u00a0\u00bbdefault\u00a0\u00bb][\/et_pb_column][et_pb_column type=\u00a0\u00bb1_4&Prime; _builder_version=\u00a0\u00bb4.6.6&Prime; _module_preset=\u00a0\u00bbdefault\u00a0\u00bb][\/et_pb_column][\/et_pb_row][et_pb_row _builder_version=\u00a0\u00bb4.6.6&Prime; _module_preset=\u00a0\u00bbdefault\u00a0\u00bb][et_pb_column type=\u00a0\u00bb4_4&Prime; _builder_version=\u00a0\u00bb4.6.6&Prime; _module_preset=\u00a0\u00bbdefault\u00a0\u00bb][et_pb_text _builder_version=\u00a0\u00bb4.6.6&Prime; _module_preset=\u00a0\u00bbdefault\u00a0\u00bb]<\/p>\n<h3 class=\"LC20lb MMgsKf\"><span>Anouk A\u00efata &#8211; Pourquoi Regardes-Tu La Lune ?<\/span><\/h3>\n<div jsname=\"U8S5sf\" class=\"ujudUb\"><span jsname=\"YS01Ge\">Pourquoi regardes-tu la lune?<\/span><br \/><span jsname=\"YS01Ge\">De cet air triste et songeur<\/span><br \/><span jsname=\"YS01Ge\">Pourquoi regardes-tu la lune?<\/span><br \/><span jsname=\"YS01Ge\">Que trouves-tu dans cette lueur?<\/span><\/div>\n<div jsname=\"U8S5sf\" class=\"ujudUb\"><span jsname=\"YS01Ge\">Un peu d&rsquo;espoir, un peu d&rsquo;amour<\/span><br \/><span jsname=\"YS01Ge\">Que tu ne vois pas en plein jour<\/span><br \/><span jsname=\"YS01Ge\">Un peu d&rsquo;bonheur, pas trop de larmes<\/span><br \/><span jsname=\"YS01Ge\">Un sourire \u00e0 l&rsquo;ombre d&rsquo;un charme<\/span><\/div>\n<div jsname=\"U8S5sf\" class=\"ujudUb\"><span jsname=\"YS01Ge\">La lune est belle, elle le sait,<\/span><br \/><span jsname=\"YS01Ge\">elle s&#8217;embrume de rouge sabl\u00e9,<\/span><br \/><span jsname=\"YS01Ge\">Quand le ciel saigne en magenta<\/span><br \/><span jsname=\"YS01Ge\">La lune dit \u00ab\u00a0Regardez-moi\u00a0\u00bb<\/span><\/div>\n<div jsname=\"U8S5sf\" class=\"ujudUb\"><span jsname=\"YS01Ge\">Pourquoi regardes-tu la lune?<\/span><br \/><span jsname=\"YS01Ge\">Que trouves-tu dans cette lueur?<\/span><\/div>\n<div jsname=\"U8S5sf\" class=\"ujudUb\"><span jsname=\"YS01Ge\">Elle se refl\u00e8te dans tes yeux<\/span><br \/><span jsname=\"YS01Ge\">Elle y d\u00e9verse sa lumi\u00e8re bleue<\/span><br \/><span jsname=\"YS01Ge\">La lune est pleine ce soir c&rsquo;est beau<\/span><br \/><span jsname=\"YS01Ge\">On pourrait p&rsquo;t-\u00eatre prendre une photo<\/span><\/div>\n<div jsname=\"U8S5sf\" class=\"ujudUb\"><span jsname=\"YS01Ge\">Mets toi devant, voil\u00e0 souris<\/span><br \/><span jsname=\"YS01Ge\">Allez souris, allez j&rsquo;t&rsquo;en prie<\/span><br \/><span jsname=\"YS01Ge\">Non tu n&rsquo;peux pas, ne souris pas<\/span><br \/><span jsname=\"YS01Ge\">La lune pleure, regarde-l\u00e0<\/span><\/div>\n<div jsname=\"U8S5sf\" class=\"ujudUb\"><span jsname=\"YS01Ge\">Pourquoi regardes-tu la lune?<\/span><br \/><span jsname=\"YS01Ge\">Que trouves-tu dans cette lueur?<\/span><\/div>\n<div jsname=\"U8S5sf\" class=\"ujudUb\"><span jsname=\"YS01Ge\">De la chaleur, du r\u00e9confort<\/span><br \/><span jsname=\"YS01Ge\">Des fleurs s\u00e9ch\u00e9es, l&rsquo;air du dehors<\/span><br \/><span jsname=\"YS01Ge\">Le soleil n&rsquo;a que sa lumi\u00e8re<\/span><br \/><span jsname=\"YS01Ge\">Celle des \u00e9toiles est trop am\u00e8re<\/span><\/div>\n<div jsname=\"U8S5sf\" class=\"ujudUb\"><span jsname=\"YS01Ge\">R\u00e9veille moi lorsque tu pars<\/span><br \/><span jsname=\"YS01Ge\">Embrasse moi s&rsquo;il n&rsquo;est pas trop tard<\/span><br \/><span jsname=\"YS01Ge\">La lune n&rsquo;a rien de mieux \u00e0 faire<\/span><br \/><span jsname=\"YS01Ge\">que de s&rsquo;accrocher au dessus de la Terre<\/span><\/div>\n<div jsname=\"U8S5sf\" class=\"ujudUb\"><span jsname=\"YS01Ge\">Et faire r\u00eaver le monde entier<\/span><br \/><span jsname=\"YS01Ge\">A travers ses rayons bleut\u00e9s<\/span><br \/><span jsname=\"YS01Ge\">Au clair de la lune on oublie<\/span><br \/><span jsname=\"YS01Ge\">Ca l&rsquo;ami Pierrot l&rsquo;a compris<\/span><\/div>\n<div jsname=\"U8S5sf\" class=\"ujudUb\"><span jsname=\"YS01Ge\">Ne pleure plus, s\u00e8che tes yeux<\/span><br \/><span jsname=\"YS01Ge\">Allons faire un tour, tous les deux<\/span><br \/><span jsname=\"YS01Ge\">Sous le ciel noir de cette nuit<\/span><br \/><span jsname=\"YS01Ge\">La lune n&rsquo;est pas l\u00e0 aujourd&rsquo;hui<\/span><\/div>\n<div jsname=\"U8S5sf\" class=\"ujudUb WRZytc\"><span jsname=\"YS01Ge\">Pourquoi regardons-nous la lune?<\/span><br \/><span jsname=\"YS01Ge\">De cet air triste et r\u00eaveur<\/span><br \/><span jsname=\"YS01Ge\">Pourquoi regardons-nous la lune?<\/span><br \/><span jsname=\"YS01Ge\">Que nous apporte cette lueur?<\/span><\/div>\n<h3 class=\"H1u2de\"><\/h3>\n<p>[\/et_pb_text][\/et_pb_column][\/et_pb_row][et_pb_row _builder_version=\u00a0\u00bb4.4.5&Prime;][et_pb_column type=\u00a0\u00bb4_4&Prime; _builder_version=\u00a0\u00bb4.4.5&Prime;][et_pb_divider divider_weight=\u00a0\u00bb3px\u00a0\u00bb _builder_version=\u00a0\u00bb4.4.5&Prime;][\/et_pb_divider][\/et_pb_column][\/et_pb_row][et_pb_row column_structure=\u00a0\u00bb1_3,1_3,1_3&Prime; _builder_version=\u00a0\u00bb3.26.7&Prime;][et_pb_column type=\u00a0\u00bb1_3&Prime; _builder_version=\u00a0\u00bb3.26.7&Prime;][et_pb_image src=\u00a0\u00bbhttps:\/\/paulinedumail.com\/wp-content\/uploads\/2016\/06\/couverture-3D.jpg\u00a0\u00bb url=\u00a0\u00bbhttps:\/\/paulinedumail.com\/index.php\/litterature\/\u00a0\u00bb _builder_version=\u00a0\u00bb4.2.2&Prime;][\/et_pb_image][\/et_pb_column][et_pb_column type=\u00a0\u00bb1_3&Prime; _builder_version=\u00a0\u00bb3.26.7&Prime;][et_pb_divider show_divider=\u00a0\u00bboff\u00a0\u00bb _builder_version=\u00a0\u00bb4.2.2&Prime; custom_padding=\u00a0\u00bb0px||0px|||\u00a0\u00bb][\/et_pb_divider][et_pb_divider show_divider=\u00a0\u00bboff\u00a0\u00bb _builder_version=\u00a0\u00bb4.2.2&Prime; custom_padding=\u00a0\u00bb0px||0px|||\u00a0\u00bb][\/et_pb_divider][et_pb_divider show_divider=\u00a0\u00bboff\u00a0\u00bb _builder_version=\u00a0\u00bb4.2.2&Prime; custom_padding=\u00a0\u00bb0px||0px|||\u00a0\u00bb][\/et_pb_divider][et_pb_divider show_divider=\u00a0\u00bboff\u00a0\u00bb _builder_version=\u00a0\u00bb4.2.2&Prime; custom_padding=\u00a0\u00bb0px||0px|||\u00a0\u00bb][\/et_pb_divider][et_pb_button button_url=\u00a0\u00bbhttps:\/\/paulinedumail.com\/index.php\/blog\/\u00a0\u00bb button_text=\u00a0\u00bbPublications du blog\u00a0\u00bb button_alignment=\u00a0\u00bbleft\u00a0\u00bb _builder_version=\u00a0\u00bb4.4.5&Prime; custom_button=\u00a0\u00bbon\u00a0\u00bb button_text_size=\u00a0\u00bb16px\u00a0\u00bb][\/et_pb_button][\/et_pb_column][et_pb_column type=\u00a0\u00bb1_3&Prime; _builder_version=\u00a0\u00bb3.26.7&Prime;][et_pb_divider show_divider=\u00a0\u00bboff\u00a0\u00bb _builder_version=\u00a0\u00bb4.2.2&Prime; custom_padding=\u00a0\u00bb0px||0px|||\u00a0\u00bb][\/et_pb_divider][et_pb_divider show_divider=\u00a0\u00bboff\u00a0\u00bb _builder_version=\u00a0\u00bb4.2.2&Prime; custom_padding=\u00a0\u00bb0px||0px|||\u00a0\u00bb][\/et_pb_divider][et_pb_divider show_divider=\u00a0\u00bboff\u00a0\u00bb _builder_version=\u00a0\u00bb4.2.2&Prime; custom_padding=\u00a0\u00bb0px||0px|||\u00a0\u00bb][\/et_pb_divider][et_pb_divider show_divider=\u00a0\u00bboff\u00a0\u00bb _builder_version=\u00a0\u00bb4.2.2&Prime; custom_padding=\u00a0\u00bb0px||0px|||\u00a0\u00bb][\/et_pb_divider][et_pb_social_media_follow use_icon_font_size=\u00a0\u00bbon\u00a0\u00bb icon_font_size=\u00a0\u00bb12px\u00a0\u00bb _builder_version=\u00a0\u00bb4.4.5&Prime; custom_button=\u00a0\u00bbon\u00a0\u00bb text_orientation=\u00a0\u00bbcenter\u00a0\u00bb custom_margin=\u00a0\u00bb||||false|false\u00a0\u00bb custom_padding=\u00a0\u00bb||||false|false\u00a0\u00bb border_radii=\u00a0\u00bbon|10px|10px|10px|10px\u00a0\u00bb border_width_all=\u00a0\u00bb1px\u00a0\u00bb border_color_all=\u00a0\u00bbrgba(0,0,0,0)\u00a0\u00bb box_shadow_style=\u00a0\u00bbpreset1&Prime;][et_pb_social_media_follow_network social_network=\u00a0\u00bbinstagram\u00a0\u00bb url=\u00a0\u00bbhttps:\/\/www.instagram.com\/paulinedumail\/\u00a0\u00bb icon_color=\u00a0\u00bb#FFFFFF\u00a0\u00bb _builder_version=\u00a0\u00bb4.4.5&Prime; background_color=\u00a0\u00bb#E09900&Prime; background_enable_color=\u00a0\u00bbon\u00a0\u00bb follow_button=\u00a0\u00bboff\u00a0\u00bb url_new_window=\u00a0\u00bbon\u00a0\u00bb]instagram[\/et_pb_social_media_follow_network][et_pb_social_media_follow_network social_network=\u00a0\u00bbfacebook\u00a0\u00bb url=\u00a0\u00bbhttps:\/\/www.facebook.com\/la.vie.est.un.parfum.respirez.la\/\u00a0\u00bb _builder_version=\u00a0\u00bb4.4.5&Prime; background_color=\u00a0\u00bb#3b5998&Prime; follow_button=\u00a0\u00bboff\u00a0\u00bb url_new_window=\u00a0\u00bbon\u00a0\u00bb]facebook[\/et_pb_social_media_follow_network][et_pb_social_media_follow_network social_network=\u00a0\u00bbyoutube\u00a0\u00bb url=\u00a0\u00bbhttps:\/\/www.youtube.com\/user\/feelbysmellvideos\u00a0\u00bb _builder_version=\u00a0\u00bb4.4.5&Prime; background_color=\u00a0\u00bb#E02B20&Prime; background_enable_color=\u00a0\u00bbon\u00a0\u00bb follow_button=\u00a0\u00bboff\u00a0\u00bb url_new_window=\u00a0\u00bbon\u00a0\u00bb]youtube[\/et_pb_social_media_follow_network][et_pb_social_media_follow_network social_network=\u00a0\u00bbtwitter\u00a0\u00bb url=\u00a0\u00bbhttps:\/\/twitter.com\/Pauline_Dumail\u00a0\u00bb _builder_version=\u00a0\u00bb4.4.5&Prime; background_color=\u00a0\u00bb#00aced\u00a0\u00bb follow_button=\u00a0\u00bboff\u00a0\u00bb url_new_window=\u00a0\u00bbon\u00a0\u00bb]twitter[\/et_pb_social_media_follow_network][et_pb_social_media_follow_network social_network=\u00a0\u00bblinkedin\u00a0\u00bb url=\u00a0\u00bbhttps:\/\/www.linkedin.com\/in\/paulinedumail\/\u00a0\u00bb _builder_version=\u00a0\u00bb4.4.5&Prime; background_color=\u00a0\u00bb#007bb6&Prime; follow_button=\u00a0\u00bboff\u00a0\u00bb url_new_window=\u00a0\u00bbon\u00a0\u00bb]linkedin[\/et_pb_social_media_follow_network][\/et_pb_social_media_follow][\/et_pb_column][\/et_pb_row][\/et_pb_section]<\/p>\n","protected":false},"excerpt":{"rendered":"<p>En ce 31 octobre 2020, nous c\u00e9l\u00e9brons Samain, f\u00eate celtique, \u00e0 l&rsquo;origine d&rsquo;Halloween &#x1f383;, de la Toussaint dans la tradition catholique, assortie de couleurs ch\u00e2toyantes dans la culture mexicaine, avec [&hellip;]<\/p>\n","protected":false},"author":1,"featured_media":0,"comment_status":"open","ping_status":"open","sticky":false,"template":"","format":"standard","meta":{"_et_pb_use_builder":"on","_et_pb_old_content":"","_et_gb_content_width":"","_price":"","_stock":"","_tribe_ticket_header":"","_tribe_default_ticket_provider":"","_tribe_ticket_capacity":"0","_ticket_start_date":"","_ticket_end_date":"","_tribe_ticket_show_description":"","_tribe_ticket_show_not_going":false,"_tribe_ticket_use_global_stock":"","_tribe_ticket_global_stock_level":"","_global_stock_mode":"","_global_stock_cap":"","_tribe_rsvp_for_event":"","_tribe_ticket_going_count":"","_tribe_ticket_not_going_count":"","_tribe_tickets_list":"[]","_tribe_ticket_has_attendee_info_fields":false,"_EventAllDay":false,"_EventTimezone":"","_EventStartDate":"","_EventEndDate":"","_EventStartDateUTC":"","_EventEndDateUTC":"","_EventShowMap":false,"_EventShowMapLink":false,"_EventURL":"","_EventCost":"","_EventCostDescription":"","_EventCurrencySymbol":"","_EventCurrencyCode":"","_EventCurrencyPosition":"","_EventDateTimeSeparator":"","_EventTimeRangeSeparator":"","_EventOrganizerID":[],"_EventVenueID":[],"_OrganizerEmail":"","_OrganizerPhone":"","_OrganizerWebsite":"","_VenueAddress":"","_VenueCity":"","_VenueCountry":"","_VenueProvince":"","_VenueState":"","_VenueZip":"","_VenuePhone":"","_VenueURL":"","_VenueStateProvince":"","_VenueLat":"","_VenueLng":"","_VenueShowMap":false,"_VenueShowMapLink":false,"footnotes":""},"categories":[1,26],"tags":[],"class_list":["post-22792","post","type-post","status-publish","format-standard","hentry","category-non-classe","category-prose-sensorielle"],"aioseo_notices":[],"_links":{"self":[{"href":"https:\/\/paulinedumail.com\/index.php\/wp-json\/wp\/v2\/posts\/22792","targetHints":{"allow":["GET"]}}],"collection":[{"href":"https:\/\/paulinedumail.com\/index.php\/wp-json\/wp\/v2\/posts"}],"about":[{"href":"https:\/\/paulinedumail.com\/index.php\/wp-json\/wp\/v2\/types\/post"}],"author":[{"embeddable":true,"href":"https:\/\/paulinedumail.com\/index.php\/wp-json\/wp\/v2\/users\/1"}],"replies":[{"embeddable":true,"href":"https:\/\/paulinedumail.com\/index.php\/wp-json\/wp\/v2\/comments?post=22792"}],"version-history":[{"count":23,"href":"https:\/\/paulinedumail.com\/index.php\/wp-json\/wp\/v2\/posts\/22792\/revisions"}],"predecessor-version":[{"id":22930,"href":"https:\/\/paulinedumail.com\/index.php\/wp-json\/wp\/v2\/posts\/22792\/revisions\/22930"}],"wp:attachment":[{"href":"https:\/\/paulinedumail.com\/index.php\/wp-json\/wp\/v2\/media?parent=22792"}],"wp:term":[{"taxonomy":"category","embeddable":true,"href":"https:\/\/paulinedumail.com\/index.php\/wp-json\/wp\/v2\/categories?post=22792"},{"taxonomy":"post_tag","embeddable":true,"href":"https:\/\/paulinedumail.com\/index.php\/wp-json\/wp\/v2\/tags?post=22792"}],"curies":[{"name":"wp","href":"https:\/\/api.w.org\/{rel}","templated":true}]}}