{"id":17600,"date":"2020-01-02T11:51:01","date_gmt":"2020-01-02T10:51:01","guid":{"rendered":"https:\/\/paulinedumail.com\/?p=17600"},"modified":"2020-05-11T22:00:58","modified_gmt":"2020-05-11T20:00:58","slug":"vingt-vingt-in-the-air","status":"publish","type":"post","link":"https:\/\/paulinedumail.com\/index.php\/2020\/01\/02\/vingt-vingt-in-the-air\/","title":{"rendered":"Vingt-Vingt is in the air&#8230;(8 min de lecture ou d&rsquo;\u00e9coute)"},"content":{"rendered":"<p>[et_pb_section fb_built=\u00a0\u00bb1&Prime; _builder_version=\u00a0\u00bb4.0.9&Prime;][et_pb_row column_structure=\u00a0\u00bb1_4,1_2,1_4&Prime; _builder_version=\u00a0\u00bb4.4.5&Prime;][et_pb_column type=\u00a0\u00bb1_4&Prime; _builder_version=\u00a0\u00bb4.0.9&Prime;][\/et_pb_column][et_pb_column type=\u00a0\u00bb1_2&Prime; _builder_version=\u00a0\u00bb4.4.5&Prime; border_radii=\u00a0\u00bbon|20px|20px|20px|20px\u00a0\u00bb border_width_all=\u00a0\u00bb2px\u00a0\u00bb border_color_all=\u00a0\u00bbrgba(0,0,0,0)\u00a0\u00bb][et_pb_cta button_url=\u00a0\u00bbhttps:\/\/youtu.be\/_6BZhNvISQA\u00a0\u00bb url_new_window=\u00a0\u00bbon\u00a0\u00bb button_text=\u00a0\u00bbvoir sur you tube\u00a0\u00bb _builder_version=\u00a0\u00bb4.4.5&Prime; header_text_color=\u00a0\u00bb3a4697 \u00a0\u00bb custom_button=\u00a0\u00bbon\u00a0\u00bb button_text_color=\u00a0\u00bb#3a4697&Prime; button_bg_color=\u00a0\u00bb#FFFFFF\u00a0\u00bb button_border_width=\u00a0\u00bb2px\u00a0\u00bb button_border_color=\u00a0\u00bb#FFFFFF\u00a0\u00bb button_border_radius=\u00a0\u00bb10px\u00a0\u00bb button_font=\u00a0\u00bb|600|||||||\u00a0\u00bb button_use_icon=\u00a0\u00bboff\u00a0\u00bb][\/et_pb_cta][\/et_pb_column][et_pb_column type=\u00a0\u00bb1_4&Prime; _builder_version=\u00a0\u00bb4.0.9&Prime;][\/et_pb_column][\/et_pb_row][et_pb_row _builder_version=\u00a0\u00bb4.0.9&Prime;][et_pb_column type=\u00a0\u00bb4_4&Prime; _builder_version=\u00a0\u00bb4.0.9&Prime;][et_pb_divider divider_weight=\u00a0\u00bb3px\u00a0\u00bb _builder_version=\u00a0\u00bb4.4.5&Prime;][\/et_pb_divider][et_pb_image src=\u00a0\u00bbhttps:\/\/paulinedumail.com\/wp-content\/uploads\/2020\/01\/voeux-2020b-scaled.jpg\u00a0\u00bb _builder_version=\u00a0\u00bb4.0.9&Prime;][\/et_pb_image][et_pb_text _builder_version=\u00a0\u00bb4.0.9&Prime;]<\/p>\n<p>Mes cher.e.s ami.e.s,<br \/> Vingt Vingt is in the air !<br \/> Je suis heureuse de franchir ce nouveau cap avec vous. Et pour savoir ce que j&rsquo;allais nous souhaiter, je me suis rapproch\u00e9e d&rsquo;un vieil ami.<\/p>\n<p>Un ami, ou plut\u00f4t, \u00ab\u00a0un ouvrage, monumental et singulier, dixit Eliphas Levi, simple et fort, comme l\u2019architecture des pyramides, durable par cons\u00e9quent, comme elles ; livre qui r\u00e9sume toutes les sciences et dont les combinaisons infinies peuvent r\u00e9soudre tous les probl\u00e8mes ; livre qui parle en faisant penser ; inspirateur et r\u00e9gulateur de toutes les conceptions possibles : le chef d\u2019\u0153uvre peut-\u00eatre de l\u2019esprit humain, et \u00e0 coup s\u00fbr, l\u2019une des plus belles choses que nous ait laiss\u00e9es l\u2019Antiquit\u00e9 ; clavicule universelle, v\u00e9ritable machine philosophique qui emp\u00eache l\u2019esprit de s\u2019\u00e9garer, tout en lui laissant son initiative et sa libert\u00e9 ; ce sont les math\u00e9matiques appliqu\u00e9es \u00e0 l\u2019absolu, c\u2019est l\u2019alliance du positif \u00e0 l\u2019id\u00e9al, c\u2019est une loterie de pens\u00e9es toutes rigoureusement justes comme les nombres, c\u2019est enfin peut-\u00eatre ce que le g\u00e9nie humain a jamais con\u00e7u tout \u00e0 la fois de plus simple et de plus grand \u00bb.<\/p>\n<p>Avez-vous devin\u00e9 de quoi Eliphas Levi nous parle ?<br \/> Aller, un indice suppl\u00e9mentaire, \u00e0 travers les mots de Jodorowsky : \u00ab\u00a0Il est possible qu\u2019un groupe form\u00e9 de sages des 3 croyances chr\u00e9tienne, juive et musulmane, pr\u00e9voyant une d\u00e9cadence de leurs religions, qui par soif de pouvoir, conduirait in\u00e9vitablement \u00e0 la haine entre sectes et \u00e0 l\u2019oubli de la tradition sacr\u00e9e, se soit concert\u00e9 pour d\u00e9poser cette connaissance dans un humble jeu de cartes, ce qui \u00e9quivaudrait \u00e0 la pr\u00e9server et \u00e0 la dissimuler, afin qu\u2019elle traverse les t\u00e9n\u00e8bres de l\u2019Histoire jusqu\u2019\u00e0 parvenir \u00e0 un avenir lointain o\u00f9 des \u00eatres d\u2019un niveau de conscience \u00e9lev\u00e9e d\u00e9chiffreraient son merveilleux message.\u00a0\u00bb<\/p>\n<p>&nbsp;<\/p>\n<p>Alors pour d\u00e9marrer, je fais le voeu collectif que nous ayons atteint cet avenir lointain au niveau de conscience \u00e9lev\u00e9e. Et j&rsquo;y crois.<\/p>\n<p>Vous avez trouv\u00e9 ?<br \/> Le tarot de Marseille.<br \/> Et cette ann\u00e9e, le message c&rsquo;est l&rsquo;Arcane 20, deux fois ! pour si jamais on n&rsquo;avait pas compris la premi\u00e8re fois.<\/p>\n<p>XX &#8211; Le Jugement<\/p>\n<p>Que nous dit cet Arcane ?<\/p>\n<p>Observons-le d&rsquo;abord<\/p>\n<p>[\/et_pb_text][\/et_pb_column][\/et_pb_row][et_pb_row column_structure=\u00a0\u00bb1_4,1_2,1_4&Prime; _builder_version=\u00a0\u00bb4.0.9&Prime;][et_pb_column type=\u00a0\u00bb1_4&Prime; _builder_version=\u00a0\u00bb4.0.9&Prime;][\/et_pb_column][et_pb_column type=\u00a0\u00bb1_2&Prime; _builder_version=\u00a0\u00bb4.0.9&Prime;][et_pb_image src=\u00a0\u00bbhttps:\/\/paulinedumail.com\/wp-content\/uploads\/2020\/01\/le-jugement.jpg\u00a0\u00bb align=\u00a0\u00bbcenter\u00a0\u00bb _builder_version=\u00a0\u00bb4.0.9&Prime;][\/et_pb_image][\/et_pb_column][et_pb_column type=\u00a0\u00bb1_4&Prime; _builder_version=\u00a0\u00bb4.0.9&Prime;][\/et_pb_column][\/et_pb_row][et_pb_row _builder_version=\u00a0\u00bb4.0.9&Prime;][et_pb_column type=\u00a0\u00bb4_4&Prime; _builder_version=\u00a0\u00bb4.0.9&Prime;][et_pb_text _builder_version=\u00a0\u00bb4.0.9&Prime;]<\/p>\n<blockquote>\n<p>Alors ? qu&rsquo;est-ce que \u00e7a vous \u00e9voque ? que ressentez-vous en regardant cette image ?<\/p>\n<p>Pour ma part, ce qui me vient c&rsquo;est \u00ab\u00a0Et la lumi\u00e8re fut !\u00a0\u00bb.<\/p>\n<p>Voici l&rsquo;interpr\u00e9tation que nous en donne Alexandre Jodorowski :<\/p>\n<p>\u00ab\u00a0Toutes les \u00e9nergies du tarot se concentrent dans la carte du jugement. Apr\u00e8s la r\u00e9ceptivit\u00e9 de la Lune et la nouvelle construction entreprise dans le Soleil, on assiste ici \u00e0 la naissance d\u2019une conscience, encadr\u00e9e par un principe f\u00e9minin \u00e0 gauche et un principe masculin \u00e0 droite. Cette \u00e9mergence, appel\u00e9e par l\u2019ange et sa trompette, se pr\u00e9sente \u00e0 nous comme un d\u00e9sir irr\u00e9sistible.<\/p>\n<p>\u00a0Apr\u00e8s un s\u00e9jour dans les profondeurs de l\u2019inconscient, apr\u00e8s un travail qui peut avoir \u00e9t\u00e9 effectu\u00e9 dans la douleur, en tout cas dans l\u2019ombre, une nouvelle vie s\u2019\u00e9veille, comme pour une naissance ou une r\u00e9surrection. Tout ce qui est mort rena\u00eet. Tout ce qui est cach\u00e9 ou en gestation remonte \u00e0 la surface et aspire \u00e0 un monde sup\u00e9rieur. Ce qui est sugg\u00e9r\u00e9 dans cet arcane, c\u2019est qu\u2019une force d\u00e9fiant la mort est \u00e0 l\u2019\u0153uvre dans notre existence m\u00eame\u00a0: la conscience immat\u00e9rielle et immortelle. Elle se manifeste sous la forme d\u2019un appel imp\u00e9rieux \u00e0 se vivre dans une nouvelle dimension. L\u2019ange regarde de face, et sa trompette \u00e0 la bouche, il symbolise l\u2019annonce de cet \u00e9veil.<\/p>\n<p>\u00a0Lorsqu\u2019on tire cette carte, cela signifie que l\u2019on est appel\u00e9. Des difficult\u00e9s surviendront si, pour une raison ou pour une autre, on ne parvient pas \u00e0 r\u00e9pondre \u00e0 l\u2019appel. Le sens de cet Arcane consiste \u00e0 d\u00e9couvrir que tout \u00eatre qui na\u00eet est absolument voulu par la divinit\u00e9 (ou par l\u2019univers). Les difficult\u00e9s que le consultant ressentira vis-\u00e0-vis de son d\u00e9sir de vivre, de sa vocation artistique ou professionnelle, sont autant de r\u00e9sistances \u00e0 sa nature profonde. L\u2019ange nous regarde, de face. Son action s\u2019adresse \u00e0 tou.te.s. Il nous rappelle, que faute de reconna\u00eetre notre d\u00e9sir profond qui suscite en nous la prise de conscience, nous sommes des morts vivants.\u00a0\u00bb<\/p>\n<p>&nbsp;<\/p>\n<p>Alors, pour ce cru \u00e0 double z\u00e9ro,\u00a0 je vous souhaite d&rsquo;entendre et de r\u00e9pondre aux appels qui seront les v\u00f4tres en 2020, dans tous les aspects de votre vie. De vous sentir vivre et exister, de faire, si cela vous appelle, les sauts dans le vide parfois n\u00e9cessaires \u00e0 toute \u00e9volution, en comprenant que la vie ne nous abandonne jamais, peut-\u00eatre bien m\u00eame pas dans la mort. Je vous souhaite des danses, des chants et des rires. Je vous souhaite de la profondeur dans vos relations aux autres et \u00e0 vous-m\u00eame.\u00a0 Je vous souhaite la force de traverser les \u00e9preuves, et la conscience qui vous permettra de saisir le bonheur quotidien des p&rsquo;tits plaisirs. Je vous souhaite une ann\u00e9e belle en couleurs, en musiques et en parfums, riche en voyages, d\u00e9couvertes et rencontres.<\/p>\n<p>Je nous souhaite du partage, de la transmission, de la compassion, de la solidarit\u00e9, de l&rsquo;amour, et de la concr\u00e9tisation.<\/p>\n<p>&nbsp;<\/p>\n<p>Pour ma part, je sens d\u00e9j\u00e0 un appel assez fort qui m&#8217;emm\u00e8ne du c\u00f4t\u00e9 du moyen-\u00e2ge.\u00a0 Cet appel n&rsquo;est pas nouveau, puisque j&rsquo;ai d\u00e9j\u00e0 plong\u00e9 au Moyen-\u00e2ge en cr\u00e9ant les visites olfactives de l&rsquo;abbaye de Maubuisson. Mais il se fait plus pressant. Peut-\u00eatre parce que j&rsquo;ai la joie et la chance aujourd&rsquo;hui de pouvoir parler du tarot de Marseille sans craindre d&rsquo;\u00eatre br\u00fbl\u00e9e sur un b\u00fbcher. Ou peut-\u00eatre parce que le chemin pour parvenir \u00e0 me d\u00e9voiler aux yeux du monde et aux miens telle que je suis, a \u00e9t\u00e9 long, truff\u00e9 de peur, comme si j&rsquo;\u00e9tais encore au moyen-\u00e2ge. Ou peut-\u00eatre enfin, parce que cette libert\u00e9 apparente a sa part d&rsquo;illusion, dans un monde o\u00f9 le principe f\u00e9minin a encore beaucoup de mal \u00e0 trouver sa place, ou plut\u00f4t, \u00e0 ce qu&rsquo;on lui donne sa place.\u00a0 Les m\u00e9ninges s&rsquo;agitent, les id\u00e9es fusent, et l&rsquo;envie de cr\u00e9er \u00e9merge, irr\u00e9sistiblement. L&rsquo;appel se confirmera-t-il en 2020 ? Nous verrons bien !<\/p>\n<\/blockquote>\n<p>&nbsp;<\/p>\n<p>&nbsp;<\/p>\n<p>&nbsp;<\/p>\n<p>[\/et_pb_text][\/et_pb_column][\/et_pb_row][et_pb_row column_structure=\u00a0\u00bb1_2,1_2&Prime; _builder_version=\u00a0\u00bb4.0.9&Prime;][et_pb_column type=\u00a0\u00bb1_2&Prime; _builder_version=\u00a0\u00bb4.0.9&Prime;][et_pb_divider show_divider=\u00a0\u00bboff\u00a0\u00bb _builder_version=\u00a0\u00bb4.0.9&Prime;][\/et_pb_divider][et_pb_text _builder_version=\u00a0\u00bb4.0.9&Prime; custom_padding=\u00a0\u00bb|||212px||\u00a0\u00bb][\/et_pb_text][et_pb_divider show_divider=\u00a0\u00bboff\u00a0\u00bb _builder_version=\u00a0\u00bb4.0.9&Prime;][\/et_pb_divider][et_pb_divider show_divider=\u00a0\u00bboff\u00a0\u00bb _builder_version=\u00a0\u00bb4.0.9&Prime;][\/et_pb_divider][et_pb_text _builder_version=\u00a0\u00bb4.0.9&Prime;]<\/p>\n<p><strong>Belle et merveilleuse ann\u00e9e \u00e0 tous !<\/strong><\/p>\n<p><strong>With love<\/strong><\/p>\n<p><strong>Pauline Dumail<\/strong><\/p>\n<p>[\/et_pb_text][\/et_pb_column][et_pb_column type=\u00a0\u00bb1_2&Prime; _builder_version=\u00a0\u00bb4.0.9&Prime;][et_pb_image src=\u00a0\u00bbhttps:\/\/paulinedumail.com\/wp-content\/uploads\/2020\/01\/voeux-2020b-scaled.jpg\u00a0\u00bb _builder_version=\u00a0\u00bb4.0.9&Prime;][\/et_pb_image][\/et_pb_column][\/et_pb_row][et_pb_row _builder_version=\u00a0\u00bb4.4.5&Prime;][et_pb_column _builder_version=\u00a0\u00bb4.4.5&Prime; type=\u00a0\u00bb4_4&Prime;][et_pb_divider divider_weight=\u00a0\u00bb3px\u00a0\u00bb _builder_version=\u00a0\u00bb4.4.5&Prime;][\/et_pb_divider][\/et_pb_column][\/et_pb_row][et_pb_row column_structure=\u00a0\u00bb1_3,1_3,1_3&Prime; _builder_version=\u00a0\u00bb3.26.7&Prime;][et_pb_column type=\u00a0\u00bb1_3&Prime; _builder_version=\u00a0\u00bb3.26.7&Prime;][et_pb_image src=\u00a0\u00bbhttps:\/\/paulinedumail.com\/wp-content\/uploads\/2016\/06\/couverture-3D.jpg\u00a0\u00bb url=\u00a0\u00bbhttps:\/\/paulinedumail.com\/index.php\/litterature\/\u00a0\u00bb _builder_version=\u00a0\u00bb4.2.2&Prime;][\/et_pb_image][\/et_pb_column][et_pb_column type=\u00a0\u00bb1_3&Prime; _builder_version=\u00a0\u00bb3.26.7&Prime;][et_pb_divider show_divider=\u00a0\u00bboff\u00a0\u00bb _builder_version=\u00a0\u00bb4.2.2&Prime; custom_padding=\u00a0\u00bb0px||0px|||\u00a0\u00bb][\/et_pb_divider][et_pb_divider show_divider=\u00a0\u00bboff\u00a0\u00bb _builder_version=\u00a0\u00bb4.2.2&Prime; custom_padding=\u00a0\u00bb0px||0px|||\u00a0\u00bb][\/et_pb_divider][et_pb_divider show_divider=\u00a0\u00bboff\u00a0\u00bb _builder_version=\u00a0\u00bb4.2.2&Prime; custom_padding=\u00a0\u00bb0px||0px|||\u00a0\u00bb][\/et_pb_divider][et_pb_button button_url=\u00a0\u00bbhttps:\/\/paulinedumail.com\/index.php\/blog\/\u00a0\u00bb button_text=\u00a0\u00bbPublications du blog\u00a0\u00bb button_alignment=\u00a0\u00bbleft\u00a0\u00bb _builder_version=\u00a0\u00bb4.4.5&Prime; custom_button=\u00a0\u00bbon\u00a0\u00bb button_text_size=\u00a0\u00bb16px\u00a0\u00bb][\/et_pb_button][\/et_pb_column][et_pb_column type=\u00a0\u00bb1_3&Prime; _builder_version=\u00a0\u00bb3.26.7&Prime;][et_pb_divider show_divider=\u00a0\u00bboff\u00a0\u00bb _builder_version=\u00a0\u00bb4.2.2&Prime; custom_padding=\u00a0\u00bb0px||0px|||\u00a0\u00bb][\/et_pb_divider][et_pb_divider show_divider=\u00a0\u00bboff\u00a0\u00bb _builder_version=\u00a0\u00bb4.2.2&Prime; custom_padding=\u00a0\u00bb0px||0px|||\u00a0\u00bb][\/et_pb_divider][et_pb_divider show_divider=\u00a0\u00bboff\u00a0\u00bb _builder_version=\u00a0\u00bb4.2.2&Prime; custom_padding=\u00a0\u00bb0px||0px|||\u00a0\u00bb][\/et_pb_divider][et_pb_social_media_follow use_icon_font_size=\u00a0\u00bbon\u00a0\u00bb icon_font_size=\u00a0\u00bb12px\u00a0\u00bb _builder_version=\u00a0\u00bb4.4.5&Prime; custom_button=\u00a0\u00bbon\u00a0\u00bb text_orientation=\u00a0\u00bbcenter\u00a0\u00bb custom_margin=\u00a0\u00bb||||false|false\u00a0\u00bb custom_padding=\u00a0\u00bb||||false|false\u00a0\u00bb border_radii=\u00a0\u00bbon|10px|10px|10px|10px\u00a0\u00bb border_width_all=\u00a0\u00bb1px\u00a0\u00bb border_color_all=\u00a0\u00bbrgba(0,0,0,0)\u00a0\u00bb box_shadow_style=\u00a0\u00bbpreset1&Prime;][et_pb_social_media_follow_network social_network=\u00a0\u00bbinstagram\u00a0\u00bb url=\u00a0\u00bbhttps:\/\/www.instagram.com\/paulinedumail\/\u00a0\u00bb icon_color=\u00a0\u00bb#FFFFFF\u00a0\u00bb _builder_version=\u00a0\u00bb4.4.5&Prime; background_color=\u00a0\u00bb#E09900&Prime; background_enable_color=\u00a0\u00bbon\u00a0\u00bb follow_button=\u00a0\u00bboff\u00a0\u00bb url_new_window=\u00a0\u00bbon\u00a0\u00bb]instagram[\/et_pb_social_media_follow_network][et_pb_social_media_follow_network social_network=\u00a0\u00bbfacebook\u00a0\u00bb url=\u00a0\u00bbhttps:\/\/www.facebook.com\/la.vie.est.un.parfum.respirez.la\/\u00a0\u00bb _builder_version=\u00a0\u00bb4.4.5&Prime; background_color=\u00a0\u00bb#3b5998&Prime; follow_button=\u00a0\u00bboff\u00a0\u00bb url_new_window=\u00a0\u00bbon\u00a0\u00bb]facebook[\/et_pb_social_media_follow_network][et_pb_social_media_follow_network social_network=\u00a0\u00bbyoutube\u00a0\u00bb url=\u00a0\u00bbhttps:\/\/www.youtube.com\/user\/feelbysmellvideos\u00a0\u00bb _builder_version=\u00a0\u00bb4.4.5&Prime; background_color=\u00a0\u00bb#E02B20&Prime; background_enable_color=\u00a0\u00bbon\u00a0\u00bb follow_button=\u00a0\u00bboff\u00a0\u00bb url_new_window=\u00a0\u00bbon\u00a0\u00bb]youtube[\/et_pb_social_media_follow_network][et_pb_social_media_follow_network social_network=\u00a0\u00bbtwitter\u00a0\u00bb url=\u00a0\u00bbhttps:\/\/twitter.com\/Pauline_Dumail\u00a0\u00bb _builder_version=\u00a0\u00bb4.4.5&Prime; background_color=\u00a0\u00bb#00aced\u00a0\u00bb follow_button=\u00a0\u00bboff\u00a0\u00bb url_new_window=\u00a0\u00bbon\u00a0\u00bb]twitter[\/et_pb_social_media_follow_network][et_pb_social_media_follow_network social_network=\u00a0\u00bblinkedin\u00a0\u00bb url=\u00a0\u00bbhttps:\/\/www.linkedin.com\/in\/paulinedumail\/\u00a0\u00bb _builder_version=\u00a0\u00bb4.4.5&Prime; background_color=\u00a0\u00bb#007bb6&Prime; follow_button=\u00a0\u00bboff\u00a0\u00bb url_new_window=\u00a0\u00bbon\u00a0\u00bb]linkedin[\/et_pb_social_media_follow_network][\/et_pb_social_media_follow][et_pb_divider show_divider=\u00a0\u00bboff\u00a0\u00bb _builder_version=\u00a0\u00bb4.2.2&Prime; custom_padding=\u00a0\u00bb0px||0px|||\u00a0\u00bb][\/et_pb_divider][et_pb_divider show_divider=\u00a0\u00bboff\u00a0\u00bb _builder_version=\u00a0\u00bb4.2.2&Prime; custom_padding=\u00a0\u00bb0px||0px|||\u00a0\u00bb][\/et_pb_divider][\/et_pb_column][\/et_pb_row][\/et_pb_section]<\/p>\n","protected":false},"excerpt":{"rendered":"<p>Mes cher.e.s ami.e.s, Vingt Vingt is in the air ! Je suis heureuse de franchir ce nouveau cap avec vous. Et pour savoir ce que j&rsquo;allais nous souhaiter, je me [&hellip;]<\/p>\n","protected":false},"author":1,"featured_media":0,"comment_status":"open","ping_status":"open","sticky":false,"template":"","format":"standard","meta":{"_et_pb_use_builder":"on","_et_pb_old_content":"","_et_gb_content_width":"","_price":"","_stock":"","_tribe_ticket_header":"","_tribe_default_ticket_provider":"","_tribe_ticket_capacity":"0","_ticket_start_date":"","_ticket_end_date":"","_tribe_ticket_show_description":"","_tribe_ticket_show_not_going":false,"_tribe_ticket_use_global_stock":"","_tribe_ticket_global_stock_level":"","_global_stock_mode":"","_global_stock_cap":"","_tribe_rsvp_for_event":"","_tribe_ticket_going_count":"","_tribe_ticket_not_going_count":"","_tribe_tickets_list":"[]","_tribe_ticket_has_attendee_info_fields":false,"_EventAllDay":false,"_EventTimezone":"","_EventStartDate":"","_EventEndDate":"","_EventStartDateUTC":"","_EventEndDateUTC":"","_EventShowMap":false,"_EventShowMapLink":false,"_EventURL":"","_EventCost":"","_EventCostDescription":"","_EventCurrencySymbol":"","_EventCurrencyCode":"","_EventCurrencyPosition":"","_EventDateTimeSeparator":"","_EventTimeRangeSeparator":"","_EventOrganizerID":[],"_EventVenueID":[],"_OrganizerEmail":"","_OrganizerPhone":"","_OrganizerWebsite":"","_VenueAddress":"","_VenueCity":"","_VenueCountry":"","_VenueProvince":"","_VenueState":"","_VenueZip":"","_VenuePhone":"","_VenueURL":"","_VenueStateProvince":"","_VenueLat":"","_VenueLng":"","_VenueShowMap":false,"_VenueShowMapLink":false,"footnotes":""},"categories":[26],"tags":[],"class_list":["post-17600","post","type-post","status-publish","format-standard","hentry","category-prose-sensorielle"],"aioseo_notices":[],"_links":{"self":[{"href":"https:\/\/paulinedumail.com\/index.php\/wp-json\/wp\/v2\/posts\/17600","targetHints":{"allow":["GET"]}}],"collection":[{"href":"https:\/\/paulinedumail.com\/index.php\/wp-json\/wp\/v2\/posts"}],"about":[{"href":"https:\/\/paulinedumail.com\/index.php\/wp-json\/wp\/v2\/types\/post"}],"author":[{"embeddable":true,"href":"https:\/\/paulinedumail.com\/index.php\/wp-json\/wp\/v2\/users\/1"}],"replies":[{"embeddable":true,"href":"https:\/\/paulinedumail.com\/index.php\/wp-json\/wp\/v2\/comments?post=17600"}],"version-history":[{"count":29,"href":"https:\/\/paulinedumail.com\/index.php\/wp-json\/wp\/v2\/posts\/17600\/revisions"}],"predecessor-version":[{"id":20289,"href":"https:\/\/paulinedumail.com\/index.php\/wp-json\/wp\/v2\/posts\/17600\/revisions\/20289"}],"wp:attachment":[{"href":"https:\/\/paulinedumail.com\/index.php\/wp-json\/wp\/v2\/media?parent=17600"}],"wp:term":[{"taxonomy":"category","embeddable":true,"href":"https:\/\/paulinedumail.com\/index.php\/wp-json\/wp\/v2\/categories?post=17600"},{"taxonomy":"post_tag","embeddable":true,"href":"https:\/\/paulinedumail.com\/index.php\/wp-json\/wp\/v2\/tags?post=17600"}],"curies":[{"name":"wp","href":"https:\/\/api.w.org\/{rel}","templated":true}]}}