{"id":1213,"date":"2015-09-20T19:45:13","date_gmt":"2015-09-20T17:45:13","guid":{"rendered":"http:\/\/blog.litsee.com\/?p=1213"},"modified":"2020-05-09T07:36:01","modified_gmt":"2020-05-09T05:36:01","slug":"sommet-des-consciences","status":"publish","type":"post","link":"https:\/\/paulinedumail.com\/index.php\/2015\/09\/20\/sommet-des-consciences\/","title":{"rendered":"SOMMET DES CONSCIENCES &#8211; JUILLET 2015 &#8211; PARIS"},"content":{"rendered":"<p>[et_pb_section fb_built=\u00a0\u00bb1&Prime; _builder_version=\u00a0\u00bb3.22&Prime;][et_pb_row _builder_version=\u00a0\u00bb3.25&Prime; background_size=\u00a0\u00bbinitial\u00a0\u00bb background_position=\u00a0\u00bbtop_left\u00a0\u00bb background_repeat=\u00a0\u00bbrepeat\u00a0\u00bb][et_pb_column type=\u00a0\u00bb4_4&Prime; _builder_version=\u00a0\u00bb3.25&Prime; custom_padding=\u00a0\u00bb|||\u00a0\u00bb custom_padding__hover=\u00a0\u00bb|||\u00a0\u00bb][et_pb_text _builder_version=\u00a0\u00bb3.27.4&Prime; background_size=\u00a0\u00bbinitial\u00a0\u00bb background_position=\u00a0\u00bbtop_left\u00a0\u00bb background_repeat=\u00a0\u00bbrepeat\u00a0\u00bb]&nbsp;<\/p>\n<p>Le 21 Juillet 2015, \u00e0 Paris, le sommet des Consciences s\u2019est r\u00e9uni au CESE. Cette initiative de Nicolas Hulot, prise en sandwich entre les sinistres \u00e9v\u00e9nements du 7 f\u00e9vrier 2015 et la COP 21 pour le changement climatique programm\u00e9e \u00e0 la fin de l\u2019ann\u00e9e, n\u2019est pas le premier sommet des Consciences organis\u00e9 sur notre Plan\u00e8te, mais c\u2019est le premier dans notre pays, et c\u2019est \u00e9galement le premier, qui, gr\u00e2ce aux technologies modernes, est accessible \u00e0 TOUS.<\/p>\n<p>Il vous suffit d\u2019une connexion internet, et de trouver 9 heures de disponibilit\u00e9 dans votre vie, pour vous joindre \u00e0 cette r\u00e9flexion plan\u00e9taire sur l\u2019avenir de notre Terre et de l\u2019Humanit\u00e9. C\u2019est par l\u00e0&nbsp;:<a href=\"https:\/\/www.youtube.com\/watch?v=Rt8xWYWMPkY&amp;list=PLX5mz0aKu9hxx5V9BYbJRFEhKVoXvg4_u&amp;index=1\" target=\"_blank\" rel=\"noopener noreferrer\"> https:\/\/www.youtube.com\/watch?v=Rt8xWYWMPkY&amp;list=PLX5mz0aKu9hxx5V9BYbJRFEhKVoXvg4_u&amp;index=1<\/a><\/p>\n<p>En ce qui me concerne, j\u2019ai pris ces 9 heures, ce cadeau, ce privil\u00e8ge, et j\u2019en ressors avec une envie encore plus forte et visc\u00e9rale de m\u2019engager VRAIMENT.<\/p>\n<p>&nbsp;<\/p>\n<p><strong>Why do I care&nbsp;? <\/strong><\/p>\n<p><strong>How do I care&nbsp;?<\/strong><\/p>\n<p><strong>What can we do to care&nbsp;?<\/strong><\/p>\n<p>&nbsp;<\/p>\n<p>En voici un condens\u00e9, \u00e0 travers le prisme de mon regard. Les discours qui m\u2019ont le plus touch\u00e9e ou marqu\u00e9e sont indiqu\u00e9s dans la trame du temps pour que vous puissiez les visionner facilement.<\/p>\n<p>&nbsp;<\/p>\n<p>Enfin, vous trouverez dans ce r\u00e9sum\u00e9 un condens\u00e9 de petites phrases au miel, au chocolat, et parfois au Vitriol.<\/p>\n<p>Tr\u00e8s beau discours d\u2019ouverture de <strong>Jean-Paul Delevoye<\/strong>, Pr\u00e9sident du Conseil Economique, Social et Environnemental Video 1&nbsp;: \u00e0 6min ***<\/p>\n<p>&nbsp;<\/p>\n<p>\u00ab&nbsp;Non pour d\u00e9fendre nos ressources ou nos territoires, mais pour d\u00e9fendre notre \u00e2me et notre humanit\u00e9&nbsp;\u00bb<\/p>\n<p>&nbsp;<\/p>\n<p>\u00ab&nbsp;Le capitalisme non r\u00e9gul\u00e9, les avanc\u00e9es de la science sans conscience cr\u00e9ent un esclavage moderne dont les chaines invisibles sont redoutables. Elles excluent l\u2019homme dans une illusion qui fait que pour beaucoup, il vaut plus par ce qu\u2019il d\u00e9pense que ce qu\u2019il pense, dans cette illusion qui d\u00e9truit son int\u00e9riorit\u00e9&nbsp;\u00bb<\/p>\n<p>&nbsp;<\/p>\n<p>\u00ab&nbsp;Les \u00eatres d\u00e9racin\u00e9s n\u2019ont gu\u00e8re que deux comportements&nbsp;: l\u2019inertie de l\u2019\u00e2me ou l\u2019explosion par la violence&nbsp;\u00bb<\/p>\n<p>&nbsp;<\/p>\n<p>\u00ab&nbsp;Aucune responsabilit\u00e9 collective ne peut se b\u00e2tir sur des irresponsabilit\u00e9s individuelles&nbsp;\u00bb<\/p>\n<p>&nbsp;<\/p>\n<p><strong>Leo buscalia&nbsp;<\/strong>: \u00ab&nbsp;le monde est rempli de possibilit\u00e9s. Et du moment qu\u2019il y a des possibilit\u00e9s, il y a de l\u2019espoir. Nous pouvons seulement perdre espoir lorsque nous refusons de voir les possibilit\u00e9s.&nbsp;\u00bb<\/p>\n<p>&nbsp;<\/p>\n<p><strong>Fran\u00e7ois Hollande,<\/strong> Pr\u00e9sident de la R\u00e9publique Fran\u00e7aise<\/p>\n<p>\u00ab&nbsp;La la\u00efcit\u00e9, c\u2019est de permettre \u00e0 toutes les convictions, \u00e0 toutes les religions, \u00e0 toutes les philosophies, aux croyants comme aux non croyants, de participer \u00e0 la r\u00e9flexion commune.&nbsp;\u00bb<\/p>\n<p>&nbsp;<\/p>\n<p><strong>Irina Bokova<\/strong>, Directrice G\u00e9n\u00e9rale de l\u2019unesco<\/p>\n<p>\u00ab&nbsp;Ce ne sont pas seulement les accords \u00e9conomiques et politiques qui sont importants pour la paix et le d\u00e9veloppement, c\u2019est plut\u00f4t la solidarit\u00e9 intellectuelle et morale qui doit \u00eatre la base de notre recherche pour la paix. Le climat, c\u2019est aussi la paix et le d\u00e9veloppement, durable&nbsp;\u00bb<\/p>\n<p>&nbsp;<\/p>\n<p><strong>&nbsp;Nicolas Hulot<\/strong><\/p>\n<p>\u00ab&nbsp;L\u2019unit\u00e9 du monde n\u2019est pas une option, elle est une condition si nous voulons affronter les enjeux que nous avons \u00e0 r\u00e9soudre en ce d\u00e9but de si\u00e8cle, mais la condition de l\u2019unit\u00e9, c\u2019est d\u2019abord le respect de sa diversit\u00e9.&nbsp;\u00bb<\/p>\n<p>\u00ab&nbsp;La plan\u00e8te peut se passer de l\u2019humanit\u00e9, mais l\u2019humanit\u00e9 ne pourra pas se passer de la plan\u00e8te.&nbsp;\u00bb<\/p>\n<p>\u00ab&nbsp;Que le fatalisme des uns ne d\u00e9veloppe pas le fanatisme des autres&nbsp;\u00bb<\/p>\n<p>&nbsp;<\/p>\n<p><strong>Sa saintet\u00e9 bartholom\u00e9 1<sup>er<\/sup><\/strong>, patriarche \u0153cum\u00e9nique de Constantinople<\/p>\n<p>\u00ab&nbsp;Sortir de l\u2019\u00e9go\u00efsme dans lequel l\u2019inertie de nos habitudes nous fait tomber et d\u00e9couvrir la sobre libert\u00e9 que nous apporte la conversion du c\u0153ur.&nbsp;\u00bb<\/p>\n<p>&nbsp;<\/p>\n<p><strong>Son \u00e9minence le cardinal Turkson<\/strong>, Pr\u00e9sident du Conseil Pontifical pour la justice et la paix, principal auteur de l\u2019encyclique<\/p>\n<p>\u00ab&nbsp;Prendre des d\u00e9cisions directes pour inverser la tendance du r\u00e9chauffement climatique nous permettra d\u2019\u00e9liminer la pauvret\u00e9 mondiale. Mais il faut affronter les deux probl\u00e8mes \u00e0 la fois, la r\u00e9duction des \u00e9missions polluantes et le d\u00e9veloppement des pays et des r\u00e9gions les moins favoris\u00e9s. Une r\u00e9forme de cet ordre serait courageuse et elle ne sera possible que si nous cherchons d\u2019autres fa\u00e7ons d\u2019envisager l\u2019\u00e9conomie et le progr\u00e8s. R\u00e9tablir le contr\u00f4le sur l\u2019\u00e9conomie et la finance. La route est difficile et p\u00e9rilleuse et les pays d\u00e9velopp\u00e9s devront \u00eatre humbles, sobres et accepter des sacrifices pour partager l\u2019abondance qui leur a \u00e9t\u00e9 donn\u00e9e et pour que la terre reste notre maison.&nbsp;\u00bb<\/p>\n<p>&nbsp;<\/p>\n<p><strong>Rabin David Rosen<\/strong> Directeur International des affaires interreligeuses de l\u2019American Jewish Committe<\/p>\n<p>\u00ab&nbsp;Le changement climatique n\u2019est qu\u2019un sympt\u00f4me de la maladie dont souffre l\u2019humanit\u00e9.&nbsp;\u00bb<\/p>\n<p>&nbsp;<\/p>\n<p><strong>Pr Abdou Filaly Ansary<\/strong> Directeur de l\u2019Institut pour l\u2019\u00e9tude des Civilisations Musulmanes universit\u00e9 aga Khan<\/p>\n<p>\u00ab&nbsp;Il y a quelques d\u00e9cennies, la majorit\u00e9 des nations a pu s\u2019accorder sur une d\u00e9claration universelle des droits de l\u2019homme dont la promulgation a constitu\u00e9 un tournant majeur dans la constitution de l\u2019histoire politique de l\u2019humanit\u00e9. Je me demande s\u2019il n\u2019est pas temps de penser \u00e0 une d\u00e9claration universelle des devoirs de l\u2019homme.&nbsp;\u00bb<\/p>\n<p>&nbsp;<\/p>\n<p><strong>Pr Tu Weiming<\/strong> \u2013 Alliance InternatIonale Confuc\u00e9enne Ecologique, Chine<\/p>\n<p>\u00ab&nbsp;Le spiritualisme peut nous aider \u00e0 approfondir la relation intellectuelle que nous avons avec notre environnement. Penseur confuc\u00e9en du 11<sup>\u00e8me<\/sup> si\u00e8cle&nbsp;: le ciel est mon p\u00e8re, la terre est ma M\u00e8re, et m\u00eame une toute petite cr\u00e9ature comme moi est intime avec l\u2019un comme l\u2019autre parce que mon corps tout entier ressent l\u2019univers, tous les \u00eatres humains sont mes fr\u00e8res et s\u0153urs et toutes les choses sont mes compagnons de vie.&nbsp;\u00bb<\/p>\n<p>&nbsp;<\/p>\n<p><strong>Marina Silva&nbsp;<\/strong>: ancienne s\u00e9natrice de l\u2019Etat d\u2019Acre, Br\u00e9sil, ancienne ministre de Lula<\/p>\n<p>\u00ab&nbsp;Toutes les couches des populations des pays \u00e0 hauts et moyens revenus dans le monde doivent faire leur part dans le changement de comportements individuels et collectifs qui sont \u00e0 la base de ces mod\u00e8les intensifs de consommation de carbone.&nbsp;\u00bb<\/p>\n<p>&nbsp;<\/p>\n<p><strong>Muhamad Yunus<\/strong>, fondateur de la Grameen Bank, Bangladesh<\/p>\n<p>\u00ab&nbsp;Le ch\u00f4mage est cr\u00e9\u00e9 de fa\u00e7on artificielle. Les \u00eatres humains ne sont pas n\u00e9s pour travailler pour quelqu\u2019un d\u2019autre&nbsp;\u00bb<\/p>\n<p>&nbsp;<\/p>\n<p><strong>Nandita Krishna<\/strong> Directrice de la fondation C.P Ramaswami Ajiar, Directrice et Fondatrice du Centre d\u2019Education \u00e0 l\u2019Environnement, CPR, Inde<\/p>\n<p>\u00ab&nbsp;A moins que l\u2019on ne voit des signes sacr\u00e9s de la divinit\u00e9 dans chaque \u00eatre vivant nous ne comprendrons pas quel est notre r\u00f4le et notre devoir&nbsp;\u00bb<\/p>\n<p>&nbsp;<\/p>\n<p><strong>PR Andrea Riccardi&nbsp;<\/strong>: fondateur de la communaut\u00e9 Sant Egidio, Italie<\/p>\n<p>\u00ab&nbsp;La crise du climat est un drame, mais c\u2019est aussi une opportunit\u00e9 pour les religions et les Consciences. L\u2019atmosph\u00e8re est commune mais les religions parlent de cieux. Seront-elles capables de parler sous les cieux et dans les cieux de l\u2019atmosph\u00e8re et du destin commun de l\u2019humanit\u00e9 ? Les religions doivent retrouver dans leurs profondeurs les motivations r\u00e9elles pour enseigner et fonder une conversion \u00e9cologique. On ne peut pas \u00eatre serviteur de Dieu et des Hommes sans \u00eatre serviteur de la Cr\u00e9ation.&nbsp;\u00bb<\/p>\n<p>&nbsp;<\/p>\n<p><strong>Vandana Shiva&nbsp;<\/strong>: altermondialiste, Inde<\/p>\n<p>\u00ab&nbsp;C\u2019est la compassion qui fait de nous des Hommes&nbsp;\u00bb<\/p>\n<p>\u00ab&nbsp;Le sol est capable d\u2019absorber 10 gigatonnes de carbone si nous faisons une agriculture biologique&nbsp;\u00bb<\/p>\n<p>&nbsp;<\/p>\n<p><strong>Trinh Xuan Thuan<\/strong>, astrophysicien, US<\/p>\n<p>\u00ab&nbsp;Dans tout le syst\u00e8me solaire, la terre est la seule qui h\u00e9berge la vie.&nbsp;\u00bb<\/p>\n<p>\u00ab&nbsp;Notre univers a \u00e9t\u00e9 r\u00e9gl\u00e9 de fa\u00e7on extr\u00eamement pr\u00e9cise pour que la conscience \u00e9merge. Nous sommes poussi\u00e8res d\u2019\u00e9toiles, nous partageons tous la m\u00eame biologie cosmique, nous sommes tous fr\u00e8res et s\u0153urs, nous portons tous les m\u00eames atomes. Nous sommes les fr\u00e8res des b\u00eates sauvages. Nous jouons un r\u00f4le tr\u00e8s important, celui de donner un sens \u00e0 l\u2019univers. Si nous nous autod\u00e9truisons, nous cr\u00e9ons du non sens dans l\u2019univers. C\u2019est notre changement int\u00e9rieur qui va apporter un changement ext\u00e9rieur. Nous portons en nous cette responsabilit\u00e9 de prot\u00e9ger la terre et le cosmos&nbsp;\u00bb<\/p>\n<p>&nbsp;<\/p>\n<p><strong>Mme Susan George&nbsp;<\/strong>: Pr\u00e9sidente d\u2019honneur d\u2019Attac<\/p>\n<p>Produits d\u00e9riv\u00e9s sur le climat&nbsp;: le monde de la finance sp\u00e9cule sur le climat\u2026<\/p>\n<p>\u00ab&nbsp;90 entreprises sont responsables de plus de 60% de toutes les \u00e9missions dans le monde.&nbsp;\u00bb<\/p>\n<p>\u00ab&nbsp;Le monde croule sous l\u2019argent, mais il est concentr\u00e9 dans de moins en moins de poches et n\u2019est pas redistribu\u00e9&nbsp;\u00bb<\/p>\n<p>&nbsp;<\/p>\n<p><strong>Jean-Luc Fauque <\/strong>: Pr\u00e9sident de la Conf\u00e9d\u00e9ration des Supr\u00eames Conseils Europ\u00e9ens du Rite Ecossais ancien et accept\u00e9<\/p>\n<p>\u00ab&nbsp;La Conf\u00e9d\u00e9ration des Supr\u00eames Conseils Europ\u00e9ens du Rite Ecossais ancien et accept\u00e9 est une branche de la Franc-ma\u00e7onnerie. Il s\u2019agit d\u2019un rite initiatique traditionnel qui fonctionne de la m\u00eame mani\u00e8re qu\u2019un ordre monastique, c\u2019est-\u00e0-dire avec des valeurs, des d\u00e9clarations de principe, et un r\u00e8glement. Son objet est de construire un pont entre la transcendance cr\u00e9atrice du monde et l\u2019Homme. Ce sont des Hommes qui se posent la question&nbsp;: d\u2019o\u00f9 je viens, qui je suis, et o\u00f9 je vais&nbsp;?<\/p>\n<p>L\u2019\u00e9tat de conscience que le ma\u00e7on \u00e9cossais acquiert dans son initiation traditionnelle fait de lui un serviteur des projets \u00e9cologiques&nbsp;\u00bb<\/p>\n<p>&nbsp;<\/p>\n<p><strong>S\u0153ur Chan Khong&nbsp;<\/strong>: repr\u00e9sentant la communaut\u00e9 du thich nhat hanh ***<\/p>\n<p>52<sup>\u00e8me<\/sup> minute de la deuxi\u00e8me partie<\/p>\n<p>\u00ab&nbsp;Envoyer un peu de tendresse aux \u00e9cologistes que vous \u00eates. Je dois toucher ma paix avant de faire une d\u00e9cision, afin de la prendre en profondeur.&nbsp;\u00bb<\/p>\n<p>Ce n\u2019est pas tant le message qu\u2019elle d\u00e9livre qui est percutant que la mani\u00e8re dont elle le porte, car le fond du discours, s\u2019il est int\u00e9ressant, est tr\u00e8s semblable \u00e0 ce qui a d\u00e9j\u00e0 \u00e9t\u00e9 dit. Mais elle apporte une paix et une tendresse in\u00e9gal\u00e9es jusqu\u2019alors dans ce sommet, qui donnent une autre dimension aux mots prononc\u00e9s.<\/p>\n<p>Livre&nbsp;: ce monde est tout ce que nous avons<\/p>\n<p>&nbsp;<\/p>\n<p><strong>Dominique Lang&nbsp;<\/strong>: aum\u00f4nier de Pax Christi, auteur du blog \u00e9glises et \u00e9cologie *** 1H34 partie 2<\/p>\n<p>\u00ab&nbsp;A quelques jours du sinistre anniversaire d\u2019Hiroshima Et Nagasaki, je me demandais si les gens qui avaient d\u00e9cid\u00e9 de faire tomber ces bombes le matin vers 8h ou 9h, pour \u00eatre s\u00fbr que tout le monde soit lev\u00e9, et pour qu\u2019on soit s\u00fbr de bien v\u00e9rifier les effets de la bombe sur des populations civiles, avaient fait \u00e7a en conscience.&nbsp;\u00bb<\/p>\n<p>\u00ab&nbsp;Une des choses qui nous rassemble tous dans notre diversit\u00e9, c\u2019est que nous avons une grande communion d\u2019hommes et de femmes dans toutes nos traditions, toutes nos spiritualit\u00e9s, toutes nos cultures, de gens qui ont donn\u00e9 leur vie pour d\u00e9fendre les plus pauvres, pour d\u00e9fendre un coin de for\u00eat ou d\u00e9fendre des populations contre des projets dangereux.&nbsp;\u00bb<\/p>\n<p>\u00ab&nbsp;La question \u00e0 se poser avec ce sommet de la Conscience est&nbsp;: Le bien que nous voulons d\u00e9fendre en conscience est-il bien un bien commun, et non pas un bien pour certains&nbsp;?<\/p>\n<p>Je ne suis pas s\u00fbr que la paix soit un bien commun. C\u2019est un combat qu\u2019on doit mener et qu\u2019on doit reprendre sans cesse. Notre air, notre eau, notre terre, les liens de nos familles, les liens que nous pouvons tisser les uns avec les autres sont des biens communs.&nbsp;\u00bb<\/p>\n<p>&nbsp;<\/p>\n<p>\u00ab&nbsp;On n\u2019a pas la m\u00eame conscience quand on a 80 ans, 60, 40 ou 20.<\/p>\n<p>Dans chaque g\u00e9n\u00e9ration, il y a des sages et des proph\u00e8tes. Chacun doit avoir sa place.&nbsp;\u00bb<\/p>\n<p>\u00ab&nbsp;Nous avons tous besoin d\u2019avoir un lieu personnel, pour pouvoir travailler cette coh\u00e9rence entre ce qui est proph\u00e9tique et ce qui est sage.&nbsp;\u00bb<\/p>\n<p>&nbsp;<\/p>\n<p><strong>Salgado<\/strong> photographe br\u00e9silien, co-fondateur de instituo terra, br\u00e9sil-France *** 1H06 Partie 2<\/p>\n<p>Un discours vibrant et criant de v\u00e9rit\u00e9<\/p>\n<p>\u00ab&nbsp;Il n\u2019y a qu\u2019un seul \u00eatre sur cette plan\u00e8te capable de transformer le dioxyde de carbone&nbsp;: ce sont les arbres. Un retour \u00e0 la nature est n\u00e9cessaire. Nous devons reconstruire notre for\u00eat. Avec la solidarit\u00e9, on peut tout faire.&nbsp;\u00bb<\/p>\n<p>\u00ab&nbsp;Le probl\u00e8me le plus important ce n\u2019est pas d\u2019aller dans des discussions bureaucratiques et techniques. C\u2019est d\u2019essayer dans cette COP 21, qu\u2019on revienne vers la plan\u00e8te. On n\u2019invite pas les paysans \u00e0 ce genre de r\u00e9union, il faut les inviter, les gens de la Terre il faut qu\u2019ils soient l\u00e0. On peut capturer notre carbone, on peut le faire. Si les Etats le veulent, si les entreprises le veulent, si les communaut\u00e9s le veulent, on peut le faire. C\u2019est \u00e7a la partie la plus importante, c\u2019est ce retour vers la plan\u00e8te. Seulement la terre peut nous sauver. Pas la haute technologie.&nbsp;\u00bb<\/p>\n<p>&nbsp;<\/p>\n<p><strong>Swami Amritasvarupananda&nbsp;<\/strong>: repr\u00e9sentant d\u2019Amma, Inde<\/p>\n<p>\u00ab&nbsp;La spiritualit\u00e9, \u00e7a veut dire \u00eatre reli\u00e9s entre nous, connect\u00e9s, tous ensemble&nbsp;\u00bb<\/p>\n<p>&nbsp;<\/p>\n<p><strong>Cheikh Khaled Bentounes&nbsp;<\/strong>: guide spirituel de la confr\u00e9rie Soufie Alawiyya, Alg\u00e9rie<\/p>\n<p>\u00ab&nbsp;Quand la raison d\u00e9raisonne, la conscience d\u00e9m\u00e9nage. Tout est \u00e9cologique, tout est vivant. Il n\u2019y a pas si longtemps, le mot spiritualit\u00e9 ne pouvait \u00eatre \u00e9voqu\u00e9 dans des lieux comme celui dans lequel nous sommes aujourd\u2019hui, dans cette maison du peuple. C\u2019\u00e9tait inimaginable. Et pourtant, c\u2019est fait\u2026&nbsp;\u00bb<\/p>\n<p>\u00ab&nbsp;il y a des plantes magiques qui ont \u00e9t\u00e9 pr\u00e9par\u00e9es peut-\u00eatre pour cette \u00e9poque de r\u00e9chauffement et qui peuvent peut-\u00eatre nous aider\u2026&nbsp;\u00bb<\/p>\n<p>\u00ab&nbsp;Dans un monde o\u00f9 nos jeunes aujourd\u2019hui partent pour mourir ou tuer d\u2019autres jeunes parce que pour eux ce monde n\u2019a plus de sens. Donc ils veulent le pr\u00e9cipiter aux enfers. Ils r\u00eavent d\u2019un paradis c\u00e9leste, et ils br\u00fblent ce paradis terrestre qui nous a \u00e9t\u00e9 remis \u00e0 chacun d\u2019entre nous.&nbsp;\u00bb<\/p>\n<p>&nbsp;<\/p>\n<p><strong>Paul Watson&nbsp;<\/strong>: co-fondateur de Greenpeace et fondateur du seashepperd<\/p>\n<p>\u00ab&nbsp;Les oc\u00e9ans sont le syst\u00e8me qui permet \u00e0 la plan\u00e8te Terre de vivre.&nbsp;\u00bb<\/p>\n<p>&nbsp;<\/p>\n<p><strong>Mme<\/strong> <strong>Patricia Gualingua<\/strong>, repr\u00e9sentante des relations internationales du peuple originaire Kichua de Sarayaku, , Equateur<\/p>\n<p>\u00ab&nbsp;Il n\u2019y a qu\u2019une seule spiritualit\u00e9, avec diff\u00e9rents visages.&nbsp;\u00bb<\/p>\n<p>&nbsp;<\/p>\n<p><strong>Mme Valdelice Veron<\/strong> porte-parole du peuple Guarani Kaiowa, Bresil<\/p>\n<p>\u00ab&nbsp;Nous ne sommes pas des \u00eatres folkloriques, mais des \u00eatres vivants.&nbsp;\u00bb<\/p>\n<p>\u00ab&nbsp; Je demande aux instances internationales la reconnaissance des crimes contre les g\u00e9n\u00e9rations futures, l\u2019\u00e9cocide, crimes de destruction partielle ou totale des \u00e9cosyst\u00e8mes d\u2019un territoire sp\u00e9cifique&nbsp;\u00bb<\/p>\n<p>&nbsp;<\/p>\n<p><strong>Mme Mary Robinson&nbsp;<\/strong>: Pr\u00e9sidente de la Fondation Mary Robinson \u2013 justice climatique<\/p>\n<p>\u00ab 0 carbone, 0 pauvret\u00e9. Un financement international est indispensable, non pas une assistance, une aide, mais plut\u00f4t une reconnaissance mondiale du fait que les pays riches ont construit leur prosp\u00e9rit\u00e9 sur les carburants fossiles et sur une utilisation non durable des terres agricoles, et qu\u2019il faut aujourd\u2019hui que leurs leaders trouvent une fa\u00e7on plus durable de d\u00e9velopper leur soci\u00e9t\u00e9 sans \u00e9missions de gaz dangereux.&nbsp;\u00bb<\/p>\n<p>\u00ab&nbsp; Le 1<sup>er<\/sup> janv. 2016, les objectifs du d\u00e9veloppement durable deviennent le nouvel agenda du d\u00e9veloppement pour notre monde. J\u2019ai moi-m\u00eame 5 petits-enfants qui auront environ 40 ans en 2050 et ils vont partager la plan\u00e8te avec 9 autres milliards de personnes. Et j\u2019esp\u00e8re qu\u2019ils regarderont vers l\u2019arri\u00e8re sur les 35 derni\u00e8res ann\u00e9es, et diront \u00ab&nbsp;Dieu merci en 2015 ils ont fait quelque chose \u00e0 Paris pour changer la tendance&nbsp;\u00bb<\/p>\n<p>&nbsp;<\/p>\n<p><strong>S\u00e9natrice Loren Legarda<\/strong> championne des Nations Unies pour la r\u00e9duction des risques de catastrophes et l\u2019adaptation aux changements climatiques en Asie et dans le Pacifique \u2013 Philippines<\/p>\n<p>\u00ab&nbsp;Le d\u00e9fit principal que nous allons devoir combattre pour faire face au r\u00e9chauffement climatique et \u00e0 ses effets est notre propre indiff\u00e9rence, notre propre apathie&nbsp;\u00bb<\/p>\n<p>&nbsp;<\/p>\n<p><strong>Hiroo Saionji<\/strong> Pr\u00e9sident de the world peace prayer society, Japon<\/p>\n<p>\u00ab&nbsp;Pour avancer dans la situation \u00e0 laquelle nous sommes confront\u00e9s, la r\u00e9forme de la conscience de chaque individu et le fait de pouvoir prendre l\u2019humanit\u00e9 dans son ensemble comme preneuse de d\u00e9cision, il faut que le d\u00e9veloppement ne r\u00e9ponde plus \u00e0 l\u2019avidit\u00e9 humaine. Au lieu de se concentrer sur les richesses \u00e0 l\u2019ext\u00e9rieur, nous pouvons assurer une vie riche en nous assurant les acc\u00e8s \u00e0 des ressources interminables&nbsp;: compassion, joie, vitalit\u00e9.&nbsp;\u00bb<\/p>\n<p>\u00ab&nbsp; Lorsque le monde des individus qui se sont r\u00e9veill\u00e9s augmentera au-del\u00e0 de la masse politique, on sera en mesure de r\u00e9soudre la plupart des probl\u00e8mes auxquels nous sommes confront\u00e9s&nbsp;\u00bb<\/p>\n<p>&nbsp;<\/p>\n<p><strong>Zhang Zhang&nbsp;<\/strong>: une s\u00e9ance de violon pas comme les autres. 3H48 **** vid\u00e9o 2<\/p>\n<p>Je ne sais pas si c\u2019est parce que mon grand-p\u00e8re \u00e9tait violoniste, mais les instruments \u00e0 corde me touchent particuli\u00e8rement. Regardez cette femme tr\u00e8s belle empoigner son violon, regardez la gr\u00e2ce et la puissance de ses gestes, regardez comme la technologie de la vid\u00e9o a du mal \u00e0 suivre la vitesse de sa main, et \u00e9coutez la magie des sons en st\u00e9r\u00e9o (st\u00e9r\u00e9o du violon, je pr\u00e9cise). Ecoutez aussi son discours sur cet instrument, qui par la transcendance d\u2019un artiste luthier, a donn\u00e9 une voix \u00e0 un arbre, discours qui m\u2019a \u00e9mue aux larmes.<\/p>\n<p>&nbsp;<\/p>\n<p>Discours de cl\u00f4ture de <strong>Nicolas Hulot&nbsp;<\/strong>: 4h02<\/p>\n<p>&nbsp;<\/p>\n<p><strong>Mme S\u00e9gol\u00e8ne Royal<\/strong>, Ministre de l\u2019Ecologie, du D\u00e9veloppement Durable et de l\u2019Energie<\/p>\n<p>\u00ab&nbsp;Le d\u00e9fi climatique n\u2019est plus un fl\u00e9au mais une chance, une chance de d\u00e9veloppement, une chance de cr\u00e9ativit\u00e9 pour les responsables politiques de d\u00e9passer leurs clivages, une chance pour les acteurs \u00e9conomiques qui les pousse \u00e0 innover et \u00e0 cr\u00e9er des emplois, une chance pour les territoires qui y trouvent de nouvelles sources d\u2019excellence, de d\u00e9mocratie et de mobilisation.&nbsp;\u00bb<\/p>\n<p>&nbsp;<\/p>\n<p><strong>Laurent Fabius <\/strong>Ministre des Affaires Etrang\u00e8res et du D\u00e9veloppement International<\/p>\n<p>\u00ab&nbsp;Une erreur, et vous ne l\u2019avez pas commise, serait de s\u00e9parer ces deux espaces que sont les consciences et les gouvernants, alors que la solution se trouve dans leur rapprochement, dans leur communion. La conscience est n\u00e9cessaire, elle est le terreau qui permet de faire tout cro\u00eetre, mais ce sont les gouvernements qui le moment venu prendront les d\u00e9cisions, le 11 d\u00e9cembre 2015. Les consciences, en s\u2019exprimant par des milliards de voix, donneront aux gouvernants l\u2019\u00e9nergie et le courage de prendre les bonnes d\u00e9cisions.&nbsp;\u00bb<\/p>\n<p>&nbsp;<\/p>\n<p>\u00ab&nbsp;A la cop21, le texte qui ressortira des d\u00e9bats et sera vot\u00e9 le 11 d\u00e9cembre devra emporter l\u2019unanimit\u00e9 des 196 parties. Il faut que d\u2019ici le mois de d\u00e9cembre, notre travail commun soit de plus en plus actif.&nbsp;\u00bb<\/p>\n<p>&nbsp;<\/p>\n<p>\u00ab&nbsp;Pourquoi les \u00e9l\u00e9ments du succ\u00e8s sont-ils r\u00e9unis&nbsp;? Parce qu\u2019il y a la science, la conscience, la confiance, et la circonstance. Nous n\u2019avons pas le droit de ne pas r\u00e9ussir.&nbsp;\u00bb<\/p>\n<p>&nbsp;<\/p>\n<p>Video r\u00e9alis\u00e9e par le groupe <strong>Bayard <\/strong>, tr\u00e8s jolie, sur le sens de l\u2019avenir&nbsp;: 4H50 ***<\/p>\n<p>L\u2019Amour est la seule solution que les humains ont pour continuer \u00e0 vivre sur la Terre<\/p>\n<p>&nbsp;<\/p>\n<p>Sont \u00e9galement intervenus&nbsp;:<\/p>\n<p>Kofi Annan<\/p>\n<p>Michael Higgins Pr\u00e9sident Irlande<\/p>\n<p>Albert II de Monaco<\/p>\n<p>Rigobert Minani-Bihuzo Directeur du r\u00e9seau des Centres Sociaux J\u00e9suites en Afrique, RDC<\/p>\n<p>Maitre Zhang Gaocheng&nbsp;: association Taoiste chinoise<\/p>\n<p>R\u00e9v\u00e9rend Takayuki Ashizu&nbsp;: Grand Pr\u00eatre du temple Munakata, Japon<\/p>\n<p>Ghayth Abduldjabbar Abdullah Al-Tameemi fondateur du Centre pour la Diversit\u00e9 Raciale, Religieuse et Culturelle, Irak<\/p>\n<p>Mahamandeshwar Swami Avdeshanand Giri&nbsp;: leader religieux du Mouvement Hindu Dharma Acharya Sabha, India<\/p>\n<p>Rev Fletcher Harper&nbsp;: Directeur de Greenfaith, US<\/p>\n<p>Enrik Madsen&nbsp;: PDG DNV-CL<\/p>\n<p>Albert Tevoedjer\u00e9<\/p>\n<p>Mgr Nathan Kyamanywa Ev\u00eaque de Bunyoro Kitara, Ouganda, les \u00e9v\u00eaques des arbres<\/p>\n<p>Dr Vinya Ariyaratne&nbsp;: Directeur du Mouvement Sarvodaya Shramadana, Sri Lanka<\/p>\n<p>Mme Alina Saba&nbsp;: D\u00e9fenseur de l\u2019environnement, N\u00e9pal<\/p>\n<p>Mgr Fr\u00e9d\u00e9ric Shoo&nbsp;: fondateur du mouvement luth\u00e9rien pour l\u2019\u00e9cologie en Afrique, Tanzanie<\/p>\n<p>Nigel Savaje, Pr\u00e9sident de Hazon, US<\/p>\n<p>Ahmed Abbadi secr\u00e9taire g\u00e9n\u00e9ral de la ligue des Oul\u00e9mas, Maroc<\/p>\n<p>Omar Abdi Directeur Ex\u00e9cutif Adjoint de l\u2019UNICEF<\/p>\n<p>Ms Elis Shafak auteure, Turquie<\/p>\n<p>Dr Rajwant Singh Pr\u00e9sident d\u2019ecosikh, US<\/p>\n<p>Grand s\u00e9rign\u00e9 Abdou Aziz et M.Abdoulane Wayne, Repr\u00e9sentant les communaut\u00e9s Mourides et Tidjanes du S\u00e9n\u00e9gal<\/p>\n<p>&nbsp;<\/p>\n<p>En conclusion de ce sommet, que dire sinon que chaque individu a une responsabilit\u00e9 et un r\u00f4le \u00e0 jouer dans le pr\u00e9sent et l\u2019avenir de notre monde, et que le tout est plus que la somme des parties.<\/p>\n<p>Pauline Dumail<\/p>\n<p>&nbsp;[\/et_pb_text][et_pb_button button_url=\u00a0\u00bbhttps:\/\/paulinedumail.com\/index.php\/blog\/\u00a0\u00bb button_text=\u00a0\u00bbPublications du blog\u00a0\u00bb button_alignment=\u00a0\u00bbleft\u00a0\u00bb _builder_version=\u00a0\u00bb4.4.5&Prime; custom_button=\u00a0\u00bbon\u00a0\u00bb button_text_size=\u00a0\u00bb16px\u00a0\u00bb][\/et_pb_button][\/et_pb_column][\/et_pb_row][\/et_pb_section]<\/p>\n","protected":false},"excerpt":{"rendered":"<p>\u00ab L\u2019unit\u00e9 du monde n\u2019est pas une option, elle est une condition si nous voulons affronter les enjeux que nous avons \u00e0 r\u00e9soudre en ce d\u00e9but de si\u00e8cle, mais la condition de l\u2019unit\u00e9, c\u2019est d\u2019abord le respect de sa diversit\u00e9. \u00bb<\/p>\n","protected":false},"author":1,"featured_media":0,"comment_status":"open","ping_status":"open","sticky":false,"template":"","format":"standard","meta":{"_et_pb_use_builder":"on","_et_pb_old_content":"&nbsp;\n\nLe 21 Juillet 2015, \u00e0 Paris, le sommet des Consciences s\u2019est r\u00e9uni au CESE. Cette initiative de Nicolas Hulot, prise en sandwich entre les sinistres \u00e9v\u00e9nements du 7 f\u00e9vrier 2015 et la COP 21 pour le changement climatique programm\u00e9e \u00e0 la fin de l\u2019ann\u00e9e, n\u2019est pas le premier sommet des Consciences organis\u00e9 sur notre Plan\u00e8te, mais c\u2019est le premier dans notre pays, et c\u2019est \u00e9galement le premier, qui, gr\u00e2ce aux technologies modernes, est accessible \u00e0 TOUS.\n\nIl vous suffit d\u2019une connexion internet, et de trouver 9 heures de disponibilit\u00e9 dans votre vie, pour vous joindre \u00e0 cette r\u00e9flexion plan\u00e9taire sur l\u2019avenir de notre Terre et de l\u2019Humanit\u00e9. C\u2019est par l\u00e0&nbsp;:<a href=\"https:\/\/www.youtube.com\/watch?v=Rt8xWYWMPkY&amp;list=PLX5mz0aKu9hxx5V9BYbJRFEhKVoXvg4_u&amp;index=1\" target=\"_blank\" rel=\"noopener noreferrer\"> https:\/\/www.youtube.com\/watch?v=Rt8xWYWMPkY&amp;list=PLX5mz0aKu9hxx5V9BYbJRFEhKVoXvg4_u&amp;index=1<\/a>\n\nEn ce qui me concerne, j\u2019ai pris ces 9 heures, ce cadeau, ce privil\u00e8ge, et j\u2019en ressors avec une envie encore plus forte et visc\u00e9rale de m\u2019engager VRAIMENT.\n\n&nbsp;\n\n<strong>Why do I care&nbsp;? <\/strong>\n\n<strong>How do I care&nbsp;?<\/strong>\n\n<strong>What can we do to care&nbsp;?<\/strong>\n\n&nbsp;\n\nEn voici un condens\u00e9, \u00e0 travers le prisme de mon regard. Les discours qui m\u2019ont le plus touch\u00e9e ou marqu\u00e9e sont indiqu\u00e9s dans la trame du temps pour que vous puissiez les visionner facilement.\n\n&nbsp;\n\nEnfin, vous trouverez dans ce r\u00e9sum\u00e9 un condens\u00e9 de petites phrases au miel, au chocolat, et parfois au Vitriol.\n\nTr\u00e8s beau discours d\u2019ouverture de <strong>Jean-Paul Delevoye<\/strong>, Pr\u00e9sident du Conseil Economique, Social et Environnemental Video 1&nbsp;: \u00e0 6min ***\n\n&nbsp;\n\n\u00ab&nbsp;Non pour d\u00e9fendre nos ressources ou nos territoires, mais pour d\u00e9fendre notre \u00e2me et notre humanit\u00e9&nbsp;\u00bb\n\n&nbsp;\n\n\u00ab&nbsp;Le capitalisme non r\u00e9gul\u00e9, les avanc\u00e9es de la science sans conscience cr\u00e9ent un esclavage moderne dont les chaines invisibles sont redoutables. Elles excluent l\u2019homme dans une illusion qui fait que pour beaucoup, il vaut plus par ce qu\u2019il d\u00e9pense que ce qu\u2019il pense, dans cette illusion qui d\u00e9truit son int\u00e9riorit\u00e9&nbsp;\u00bb\n\n&nbsp;\n\n\u00ab&nbsp;Les \u00eatres d\u00e9racin\u00e9s n\u2019ont gu\u00e8re que deux comportements&nbsp;: l\u2019inertie de l\u2019\u00e2me ou l\u2019explosion par la violence&nbsp;\u00bb\n\n&nbsp;\n\n\u00ab&nbsp;Aucune responsabilit\u00e9 collective ne peut se b\u00e2tir sur des irresponsabilit\u00e9s individuelles&nbsp;\u00bb\n\n&nbsp;\n\n<strong>Leo buscalia&nbsp;<\/strong>: \u00ab&nbsp;le monde est rempli de possibilit\u00e9s. Et du moment qu\u2019il y a des possibilit\u00e9s, il y a de l\u2019espoir. Nous pouvons seulement perdre espoir lorsque nous refusons de voir les possibilit\u00e9s.&nbsp;\u00bb\n\n&nbsp;\n\n<strong>Fran\u00e7ois Hollande,<\/strong> Pr\u00e9sident de la R\u00e9publique Fran\u00e7aise\n\n\u00ab&nbsp;La la\u00efcit\u00e9, c\u2019est de permettre \u00e0 toutes les convictions, \u00e0 toutes les religions, \u00e0 toutes les philosophies, aux croyants comme aux non croyants, de participer \u00e0 la r\u00e9flexion commune.&nbsp;\u00bb\n\n&nbsp;\n\n<strong>Irina Bokova<\/strong>, Directrice G\u00e9n\u00e9rale de l\u2019unesco\n\n\u00ab&nbsp;Ce ne sont pas seulement les accords \u00e9conomiques et politiques qui sont importants pour la paix et le d\u00e9veloppement, c\u2019est plut\u00f4t la solidarit\u00e9 intellectuelle et morale qui doit \u00eatre la base de notre recherche pour la paix. Le climat, c\u2019est aussi la paix et le d\u00e9veloppement, durable&nbsp;\u00bb\n\n&nbsp;\n\n<strong>&nbsp;Nicolas Hulot<\/strong>\n\n\u00ab&nbsp;L\u2019unit\u00e9 du monde n\u2019est pas une option, elle est une condition si nous voulons affronter les enjeux que nous avons \u00e0 r\u00e9soudre en ce d\u00e9but de si\u00e8cle, mais la condition de l\u2019unit\u00e9, c\u2019est d\u2019abord le respect de sa diversit\u00e9.&nbsp;\u00bb\n\n\u00ab&nbsp;La plan\u00e8te peut se passer de l\u2019humanit\u00e9, mais l\u2019humanit\u00e9 ne pourra pas se passer de la plan\u00e8te.&nbsp;\u00bb\n\n\u00ab&nbsp;Que le fatalisme des uns ne d\u00e9veloppe pas le fanatisme des autres&nbsp;\u00bb\n\n&nbsp;\n\n<strong>Sa saintet\u00e9 bartholom\u00e9 1<sup>er<\/sup><\/strong>, patriarche \u0153cum\u00e9nique de Constantinople\n\n\u00ab&nbsp;Sortir de l\u2019\u00e9go\u00efsme dans lequel l\u2019inertie de nos habitudes nous fait tomber et d\u00e9couvrir la sobre libert\u00e9 que nous apporte la conversion du c\u0153ur.&nbsp;\u00bb\n\n&nbsp;\n\n<strong>Son \u00e9minence le cardinal Turkson<\/strong>, Pr\u00e9sident du Conseil Pontifical pour la justice et la paix, principal auteur de l\u2019encyclique\n\n\u00ab&nbsp;Prendre des d\u00e9cisions directes pour inverser la tendance du r\u00e9chauffement climatique nous permettra d\u2019\u00e9liminer la pauvret\u00e9 mondiale. Mais il faut affronter les deux probl\u00e8mes \u00e0 la fois, la r\u00e9duction des \u00e9missions polluantes et le d\u00e9veloppement des pays et des r\u00e9gions les moins favoris\u00e9s. Une r\u00e9forme de cet ordre serait courageuse et elle ne sera possible que si nous cherchons d\u2019autres fa\u00e7ons d\u2019envisager l\u2019\u00e9conomie et le progr\u00e8s. R\u00e9tablir le contr\u00f4le sur l\u2019\u00e9conomie et la finance. La route est difficile et p\u00e9rilleuse et les pays d\u00e9velopp\u00e9s devront \u00eatre humbles, sobres et accepter des sacrifices pour partager l\u2019abondance qui leur a \u00e9t\u00e9 donn\u00e9e et pour que la terre reste notre maison.&nbsp;\u00bb\n\n&nbsp;\n\n<strong>Rabin David Rosen<\/strong> Directeur International des affaires interreligeuses de l\u2019American Jewish Committe\n\n\u00ab&nbsp;Le changement climatique n\u2019est qu\u2019un sympt\u00f4me de la maladie dont souffre l\u2019humanit\u00e9.&nbsp;\u00bb\n\n&nbsp;\n\n<strong>Pr Abdou Filaly Ansary<\/strong> Directeur de l\u2019Institut pour l\u2019\u00e9tude des Civilisations Musulmanes universit\u00e9 aga Khan\n\n\u00ab&nbsp;Il y a quelques d\u00e9cennies, la majorit\u00e9 des nations a pu s\u2019accorder sur une d\u00e9claration universelle des droits de l\u2019homme dont la promulgation a constitu\u00e9 un tournant majeur dans la constitution de l\u2019histoire politique de l\u2019humanit\u00e9. Je me demande s\u2019il n\u2019est pas temps de penser \u00e0 une d\u00e9claration universelle des devoirs de l\u2019homme.&nbsp;\u00bb\n\n&nbsp;\n\n<strong>Pr Tu Weiming<\/strong> \u2013 Alliance InternatIonale Confuc\u00e9enne Ecologique, Chine\n\n\u00ab&nbsp;Le spiritualisme peut nous aider \u00e0 approfondir la relation intellectuelle que nous avons avec notre environnement. Penseur confuc\u00e9en du 11<sup>\u00e8me<\/sup> si\u00e8cle&nbsp;: le ciel est mon p\u00e8re, la terre est ma M\u00e8re, et m\u00eame une toute petite cr\u00e9ature comme moi est intime avec l\u2019un comme l\u2019autre parce que mon corps tout entier ressent l\u2019univers, tous les \u00eatres humains sont mes fr\u00e8res et s\u0153urs et toutes les choses sont mes compagnons de vie.&nbsp;\u00bb\n\n&nbsp;\n\n<strong>Marina Silva&nbsp;<\/strong>: ancienne s\u00e9natrice de l\u2019Etat d\u2019Acre, Br\u00e9sil, ancienne ministre de Lula\n\n\u00ab&nbsp;Toutes les couches des populations des pays \u00e0 hauts et moyens revenus dans le monde doivent faire leur part dans le changement de comportements individuels et collectifs qui sont \u00e0 la base de ces mod\u00e8les intensifs de consommation de carbone.&nbsp;\u00bb\n\n&nbsp;\n\n<strong>Muhamad Yunus<\/strong>, fondateur de la Grameen Bank, Bangladesh\n\n\u00ab&nbsp;Le ch\u00f4mage est cr\u00e9\u00e9 de fa\u00e7on artificielle. Les \u00eatres humains ne sont pas n\u00e9s pour travailler pour quelqu\u2019un d\u2019autre&nbsp;\u00bb\n\n&nbsp;\n\n<strong>Nandita Krishna<\/strong> Directrice de la fondation C.P Ramaswami Ajiar, Directrice et Fondatrice du Centre d\u2019Education \u00e0 l\u2019Environnement, CPR, Inde\n\n\u00ab&nbsp;A moins que l\u2019on ne voit des signes sacr\u00e9s de la divinit\u00e9 dans chaque \u00eatre vivant nous ne comprendrons pas quel est notre r\u00f4le et notre devoir&nbsp;\u00bb\n\n&nbsp;\n\n<strong>PR Andrea Riccardi&nbsp;<\/strong>: fondateur de la communaut\u00e9 Sant Egidio, Italie\n\n\u00ab&nbsp;La crise du climat est un drame, mais c\u2019est aussi une opportunit\u00e9 pour les religions et les Consciences. L\u2019atmosph\u00e8re est commune mais les religions parlent de cieux. Seront-elles capables de parler sous les cieux et dans les cieux de l\u2019atmosph\u00e8re et du destin commun de l\u2019humanit\u00e9 ? Les religions doivent retrouver dans leurs profondeurs les motivations r\u00e9elles pour enseigner et fonder une conversion \u00e9cologique. On ne peut pas \u00eatre serviteur de Dieu et des Hommes sans \u00eatre serviteur de la Cr\u00e9ation.&nbsp;\u00bb\n\n&nbsp;\n\n<strong>Vandana Shiva&nbsp;<\/strong>: altermondialiste, Inde\n\n\u00ab&nbsp;C\u2019est la compassion qui fait de nous des Hommes&nbsp;\u00bb\n\n\u00ab&nbsp;Le sol est capable d\u2019absorber 10 gigatonnes de carbone si nous faisons une agriculture biologique&nbsp;\u00bb\n\n&nbsp;\n\n<strong>Trinh Xuan Thuan<\/strong>, astrophysicien, US\n\n\u00ab&nbsp;Dans tout le syst\u00e8me solaire, la terre est la seule qui h\u00e9berge la vie.&nbsp;\u00bb\n\n\u00ab&nbsp;Notre univers a \u00e9t\u00e9 r\u00e9gl\u00e9 de fa\u00e7on extr\u00eamement pr\u00e9cise pour que la conscience \u00e9merge. Nous sommes poussi\u00e8res d\u2019\u00e9toiles, nous partageons tous la m\u00eame biologie cosmique, nous sommes tous fr\u00e8res et s\u0153urs, nous portons tous les m\u00eames atomes. Nous sommes les fr\u00e8res des b\u00eates sauvages. Nous jouons un r\u00f4le tr\u00e8s important, celui de donner un sens \u00e0 l\u2019univers. Si nous nous autod\u00e9truisons, nous cr\u00e9ons du non sens dans l\u2019univers. C\u2019est notre changement int\u00e9rieur qui va apporter un changement ext\u00e9rieur. Nous portons en nous cette responsabilit\u00e9 de prot\u00e9ger la terre et le cosmos&nbsp;\u00bb\n\n&nbsp;\n\n<strong>Mme Susan George&nbsp;<\/strong>: Pr\u00e9sidente d\u2019honneur d\u2019Attac\n\nProduits d\u00e9riv\u00e9s sur le climat&nbsp;: le monde de la finance sp\u00e9cule sur le climat\u2026\n\n\u00ab&nbsp;90 entreprises sont responsables de plus de 60% de toutes les \u00e9missions dans le monde.&nbsp;\u00bb\n\n\u00ab&nbsp;Le monde croule sous l\u2019argent, mais il est concentr\u00e9 dans de moins en moins de poches et n\u2019est pas redistribu\u00e9&nbsp;\u00bb\n\n&nbsp;\n\n<strong>Jean-Luc Fauque <\/strong>: Pr\u00e9sident de la Conf\u00e9d\u00e9ration des Supr\u00eames Conseils Europ\u00e9ens du Rite Ecossais ancien et accept\u00e9\n\n\u00ab&nbsp;La Conf\u00e9d\u00e9ration des Supr\u00eames Conseils Europ\u00e9ens du Rite Ecossais ancien et accept\u00e9 est une branche de la Franc-ma\u00e7onnerie. Il s\u2019agit d\u2019un rite initiatique traditionnel qui fonctionne de la m\u00eame mani\u00e8re qu\u2019un ordre monastique, c\u2019est-\u00e0-dire avec des valeurs, des d\u00e9clarations de principe, et un r\u00e8glement. Son objet est de construire un pont entre la transcendance cr\u00e9atrice du monde et l\u2019Homme. Ce sont des Hommes qui se posent la question&nbsp;: d\u2019o\u00f9 je viens, qui je suis, et o\u00f9 je vais&nbsp;?\n\nL\u2019\u00e9tat de conscience que le ma\u00e7on \u00e9cossais acquiert dans son initiation traditionnelle fait de lui un serviteur des projets \u00e9cologiques&nbsp;\u00bb\n\n&nbsp;\n\n<strong>S\u0153ur Chan Khong&nbsp;<\/strong>: repr\u00e9sentant la communaut\u00e9 du thich nhat hanh ***\n\n52<sup>\u00e8me<\/sup> minute de la deuxi\u00e8me partie\n\n\u00ab&nbsp;Envoyer un peu de tendresse aux \u00e9cologistes que vous \u00eates. Je dois toucher ma paix avant de faire une d\u00e9cision, afin de la prendre en profondeur.&nbsp;\u00bb\n\nCe n\u2019est pas tant le message qu\u2019elle d\u00e9livre qui est percutant que la mani\u00e8re dont elle le porte, car le fond du discours, s\u2019il est int\u00e9ressant, est tr\u00e8s semblable \u00e0 ce qui a d\u00e9j\u00e0 \u00e9t\u00e9 dit. Mais elle apporte une paix et une tendresse in\u00e9gal\u00e9es jusqu\u2019alors dans ce sommet, qui donnent une autre dimension aux mots prononc\u00e9s.\n\nLivre&nbsp;: ce monde est tout ce que nous avons\n\n&nbsp;\n\n<strong>Dominique Lang&nbsp;<\/strong>: aum\u00f4nier de Pax Christi, auteur du blog \u00e9glises et \u00e9cologie *** 1H34 partie 2\n\n\u00ab&nbsp;A quelques jours du sinistre anniversaire d\u2019Hiroshima Et Nagasaki, je me demandais si les gens qui avaient d\u00e9cid\u00e9 de faire tomber ces bombes le matin vers 8h ou 9h, pour \u00eatre s\u00fbr que tout le monde soit lev\u00e9, et pour qu\u2019on soit s\u00fbr de bien v\u00e9rifier les effets de la bombe sur des populations civiles, avaient fait \u00e7a en conscience.&nbsp;\u00bb\n\n\u00ab&nbsp;Une des choses qui nous rassemble tous dans notre diversit\u00e9, c\u2019est que nous avons une grande communion d\u2019hommes et de femmes dans toutes nos traditions, toutes nos spiritualit\u00e9s, toutes nos cultures, de gens qui ont donn\u00e9 leur vie pour d\u00e9fendre les plus pauvres, pour d\u00e9fendre un coin de for\u00eat ou d\u00e9fendre des populations contre des projets dangereux.&nbsp;\u00bb\n\n\u00ab&nbsp;La question \u00e0 se poser avec ce sommet de la Conscience est&nbsp;: Le bien que nous voulons d\u00e9fendre en conscience est-il bien un bien commun, et non pas un bien pour certains&nbsp;?\n\nJe ne suis pas s\u00fbr que la paix soit un bien commun. C\u2019est un combat qu\u2019on doit mener et qu\u2019on doit reprendre sans cesse. Notre air, notre eau, notre terre, les liens de nos familles, les liens que nous pouvons tisser les uns avec les autres sont des biens communs.&nbsp;\u00bb\n\n&nbsp;\n\n\u00ab&nbsp;On n\u2019a pas la m\u00eame conscience quand on a 80 ans, 60, 40 ou 20.\n\nDans chaque g\u00e9n\u00e9ration, il y a des sages et des proph\u00e8tes. Chacun doit avoir sa place.&nbsp;\u00bb\n\n\u00ab&nbsp;Nous avons tous besoin d\u2019avoir un lieu personnel, pour pouvoir travailler cette coh\u00e9rence entre ce qui est proph\u00e9tique et ce qui est sage.&nbsp;\u00bb\n\n&nbsp;\n\n<strong>Salgado<\/strong> photographe br\u00e9silien, co-fondateur de instituo terra, br\u00e9sil-France *** 1H06 Partie 2\n\nUn discours vibrant et criant de v\u00e9rit\u00e9\n\n\u00ab&nbsp;Il n\u2019y a qu\u2019un seul \u00eatre sur cette plan\u00e8te capable de transformer le dioxyde de carbone&nbsp;: ce sont les arbres. Un retour \u00e0 la nature est n\u00e9cessaire. Nous devons reconstruire notre for\u00eat. Avec la solidarit\u00e9, on peut tout faire.&nbsp;\u00bb\n\n\u00ab&nbsp;Le probl\u00e8me le plus important ce n\u2019est pas d\u2019aller dans des discussions bureaucratiques et techniques. C\u2019est d\u2019essayer dans cette COP 21, qu\u2019on revienne vers la plan\u00e8te. On n\u2019invite pas les paysans \u00e0 ce genre de r\u00e9union, il faut les inviter, les gens de la Terre il faut qu\u2019ils soient l\u00e0. On peut capturer notre carbone, on peut le faire. Si les Etats le veulent, si les entreprises le veulent, si les communaut\u00e9s le veulent, on peut le faire. C\u2019est \u00e7a la partie la plus importante, c\u2019est ce retour vers la plan\u00e8te. Seulement la terre peut nous sauver. Pas la haute technologie.&nbsp;\u00bb\n\n&nbsp;\n\n<strong>Swami Amritasvarupananda&nbsp;<\/strong>: repr\u00e9sentant d\u2019Amma, Inde\n\n\u00ab&nbsp;La spiritualit\u00e9, \u00e7a veut dire \u00eatre reli\u00e9s entre nous, connect\u00e9s, tous ensemble&nbsp;\u00bb\n\n&nbsp;\n\n<strong>Cheikh Khaled Bentounes&nbsp;<\/strong>: guide spirituel de la confr\u00e9rie Soufie Alawiyya, Alg\u00e9rie\n\n\u00ab&nbsp;Quand la raison d\u00e9raisonne, la conscience d\u00e9m\u00e9nage. Tout est \u00e9cologique, tout est vivant. Il n\u2019y a pas si longtemps, le mot spiritualit\u00e9 ne pouvait \u00eatre \u00e9voqu\u00e9 dans des lieux comme celui dans lequel nous sommes aujourd\u2019hui, dans cette maison du peuple. C\u2019\u00e9tait inimaginable. Et pourtant, c\u2019est fait\u2026&nbsp;\u00bb\n\n\u00ab&nbsp;il y a des plantes magiques qui ont \u00e9t\u00e9 pr\u00e9par\u00e9es peut-\u00eatre pour cette \u00e9poque de r\u00e9chauffement et qui peuvent peut-\u00eatre nous aider\u2026&nbsp;\u00bb\n\n\u00ab&nbsp;Dans un monde o\u00f9 nos jeunes aujourd\u2019hui partent pour mourir ou tuer d\u2019autres jeunes parce que pour eux ce monde n\u2019a plus de sens. Donc ils veulent le pr\u00e9cipiter aux enfers. Ils r\u00eavent d\u2019un paradis c\u00e9leste, et ils br\u00fblent ce paradis terrestre qui nous a \u00e9t\u00e9 remis \u00e0 chacun d\u2019entre nous.&nbsp;\u00bb\n\n&nbsp;\n\n<strong>Paul Watson&nbsp;<\/strong>: co-fondateur de Greenpeace et fondateur du seashepperd\n\n\u00ab&nbsp;Les oc\u00e9ans sont le syst\u00e8me qui permet \u00e0 la plan\u00e8te Terre de vivre.&nbsp;\u00bb\n\n&nbsp;\n\n<strong>Mme<\/strong> <strong>Patricia Gualingua<\/strong>, repr\u00e9sentante des relations internationales du peuple originaire Kichua de Sarayaku, , Equateur\n\n\u00ab&nbsp;Il n\u2019y a qu\u2019une seule spiritualit\u00e9, avec diff\u00e9rents visages.&nbsp;\u00bb\n\n&nbsp;\n\n<strong>Mme Valdelice Veron<\/strong> porte-parole du peuple Guarani Kaiowa, Bresil\n\n\u00ab&nbsp;Nous ne sommes pas des \u00eatres folkloriques, mais des \u00eatres vivants.&nbsp;\u00bb\n\n\u00ab&nbsp; Je demande aux instances internationales la reconnaissance des crimes contre les g\u00e9n\u00e9rations futures, l\u2019\u00e9cocide, crimes de destruction partielle ou totale des \u00e9cosyst\u00e8mes d\u2019un territoire sp\u00e9cifique&nbsp;\u00bb\n\n&nbsp;\n\n<strong>Mme Mary Robinson&nbsp;<\/strong>: Pr\u00e9sidente de la Fondation Mary Robinson \u2013 justice climatique\n\n\u00ab 0 carbone, 0 pauvret\u00e9. Un financement international est indispensable, non pas une assistance, une aide, mais plut\u00f4t une reconnaissance mondiale du fait que les pays riches ont construit leur prosp\u00e9rit\u00e9 sur les carburants fossiles et sur une utilisation non durable des terres agricoles, et qu\u2019il faut aujourd\u2019hui que leurs leaders trouvent une fa\u00e7on plus durable de d\u00e9velopper leur soci\u00e9t\u00e9 sans \u00e9missions de gaz dangereux.&nbsp;\u00bb\n\n\u00ab&nbsp; Le 1<sup>er<\/sup> janv. 2016, les objectifs du d\u00e9veloppement durable deviennent le nouvel agenda du d\u00e9veloppement pour notre monde. J\u2019ai moi-m\u00eame 5 petits-enfants qui auront environ 40 ans en 2050 et ils vont partager la plan\u00e8te avec 9 autres milliards de personnes. Et j\u2019esp\u00e8re qu\u2019ils regarderont vers l\u2019arri\u00e8re sur les 35 derni\u00e8res ann\u00e9es, et diront \u00ab&nbsp;Dieu merci en 2015 ils ont fait quelque chose \u00e0 Paris pour changer la tendance&nbsp;\u00bb\n\n&nbsp;\n\n<strong>S\u00e9natrice Loren Legarda<\/strong> championne des Nations Unies pour la r\u00e9duction des risques de catastrophes et l\u2019adaptation aux changements climatiques en Asie et dans le Pacifique \u2013 Philippines\n\n\u00ab&nbsp;Le d\u00e9fit principal que nous allons devoir combattre pour faire face au r\u00e9chauffement climatique et \u00e0 ses effets est notre propre indiff\u00e9rence, notre propre apathie&nbsp;\u00bb\n\n&nbsp;\n\n<strong>Hiroo Saionji<\/strong> Pr\u00e9sident de the world peace prayer society, Japon\n\n\u00ab&nbsp;Pour avancer dans la situation \u00e0 laquelle nous sommes confront\u00e9s, la r\u00e9forme de la conscience de chaque individu et le fait de pouvoir prendre l\u2019humanit\u00e9 dans son ensemble comme preneuse de d\u00e9cision, il faut que le d\u00e9veloppement ne r\u00e9ponde plus \u00e0 l\u2019avidit\u00e9 humaine. Au lieu de se concentrer sur les richesses \u00e0 l\u2019ext\u00e9rieur, nous pouvons assurer une vie riche en nous assurant les acc\u00e8s \u00e0 des ressources interminables&nbsp;: compassion, joie, vitalit\u00e9.&nbsp;\u00bb\n\n\u00ab&nbsp; Lorsque le monde des individus qui se sont r\u00e9veill\u00e9s augmentera au-del\u00e0 de la masse politique, on sera en mesure de r\u00e9soudre la plupart des probl\u00e8mes auxquels nous sommes confront\u00e9s&nbsp;\u00bb\n\n&nbsp;\n\n<strong>Zhang Zhang&nbsp;<\/strong>: une s\u00e9ance de violon pas comme les autres. 3H48 **** vid\u00e9o 2\n\nJe ne sais pas si c\u2019est parce que mon grand-p\u00e8re \u00e9tait violoniste, mais les instruments \u00e0 corde me touchent particuli\u00e8rement. Regardez cette femme tr\u00e8s belle empoigner son violon, regardez la gr\u00e2ce et la puissance de ses gestes, regardez comme la technologie de la vid\u00e9o a du mal \u00e0 suivre la vitesse de sa main, et \u00e9coutez la magie des sons en st\u00e9r\u00e9o (st\u00e9r\u00e9o du violon, je pr\u00e9cise). Ecoutez aussi son discours sur cet instrument, qui par la transcendance d\u2019un artiste luthier, a donn\u00e9 une voix \u00e0 un arbre, discours qui m\u2019a \u00e9mue aux larmes.\n\n&nbsp;\n\nDiscours de cl\u00f4ture de <strong>Nicolas Hulot&nbsp;<\/strong>: 4h02\n\n&nbsp;\n\n<strong>Mme S\u00e9gol\u00e8ne Royal<\/strong>, Ministre de l\u2019Ecologie, du D\u00e9veloppement Durable et de l\u2019Energie\n\n\u00ab&nbsp;Le d\u00e9fi climatique n\u2019est plus un fl\u00e9au mais une chance, une chance de d\u00e9veloppement, une chance de cr\u00e9ativit\u00e9 pour les responsables politiques de d\u00e9passer leurs clivages, une chance pour les acteurs \u00e9conomiques qui les pousse \u00e0 innover et \u00e0 cr\u00e9er des emplois, une chance pour les territoires qui y trouvent de nouvelles sources d\u2019excellence, de d\u00e9mocratie et de mobilisation.&nbsp;\u00bb\n\n&nbsp;\n\n<strong>Laurent Fabius <\/strong>Ministre des Affaires Etrang\u00e8res et du D\u00e9veloppement International\n\n\u00ab&nbsp;Une erreur, et vous ne l\u2019avez pas commise, serait de s\u00e9parer ces deux espaces que sont les consciences et les gouvernants, alors que la solution se trouve dans leur rapprochement, dans leur communion. La conscience est n\u00e9cessaire, elle est le terreau qui permet de faire tout cro\u00eetre, mais ce sont les gouvernements qui le moment venu prendront les d\u00e9cisions, le 11 d\u00e9cembre 2015. Les consciences, en s\u2019exprimant par des milliards de voix, donneront aux gouvernants l\u2019\u00e9nergie et le courage de prendre les bonnes d\u00e9cisions.&nbsp;\u00bb\n\n&nbsp;\n\n\u00ab&nbsp;A la cop21, le texte qui ressortira des d\u00e9bats et sera vot\u00e9 le 11 d\u00e9cembre devra emporter l\u2019unanimit\u00e9 des 196 parties. Il faut que d\u2019ici le mois de d\u00e9cembre, notre travail commun soit de plus en plus actif.&nbsp;\u00bb\n\n&nbsp;\n\n\u00ab&nbsp;Pourquoi les \u00e9l\u00e9ments du succ\u00e8s sont-ils r\u00e9unis&nbsp;? Parce qu\u2019il y a la science, la conscience, la confiance, et la circonstance. Nous n\u2019avons pas le droit de ne pas r\u00e9ussir.&nbsp;\u00bb\n\n&nbsp;\n\nVideo r\u00e9alis\u00e9e par le groupe <strong>Bayard <\/strong>, tr\u00e8s jolie, sur le sens de l\u2019avenir&nbsp;: 4H50 ***\n\nL\u2019Amour est la seule solution que les humains ont pour continuer \u00e0 vivre sur la Terre\n\n&nbsp;\n\nSont \u00e9galement intervenus&nbsp;:\n\nKofi Annan\n\nMichael Higgins Pr\u00e9sident Irlande\n\nAlbert II de Monaco\n\nRigobert Minani-Bihuzo Directeur du r\u00e9seau des Centres Sociaux J\u00e9suites en Afrique, RDC\n\nMaitre Zhang Gaocheng&nbsp;: association Taoiste chinoise\n\nR\u00e9v\u00e9rend Takayuki Ashizu&nbsp;: Grand Pr\u00eatre du temple Munakata, Japon\n\nGhayth Abduldjabbar Abdullah Al-Tameemi fondateur du Centre pour la Diversit\u00e9 Raciale, Religieuse et Culturelle, Irak\n\nMahamandeshwar Swami Avdeshanand Giri&nbsp;: leader religieux du Mouvement Hindu Dharma Acharya Sabha, India\n\nRev Fletcher Harper&nbsp;: Directeur de Greenfaith, US\n\nEnrik Madsen&nbsp;: PDG DNV-CL\n\nAlbert Tevoedjer\u00e9\n\nMgr Nathan Kyamanywa Ev\u00eaque de Bunyoro Kitara, Ouganda, les \u00e9v\u00eaques des arbres\n\nDr Vinya Ariyaratne&nbsp;: Directeur du Mouvement Sarvodaya Shramadana, Sri Lanka\n\nMme Alina Saba&nbsp;: D\u00e9fenseur de l\u2019environnement, N\u00e9pal\n\nMgr Fr\u00e9d\u00e9ric Shoo&nbsp;: fondateur du mouvement luth\u00e9rien pour l\u2019\u00e9cologie en Afrique, Tanzanie\n\nNigel Savaje, Pr\u00e9sident de Hazon, US\n\nAhmed Abbadi secr\u00e9taire g\u00e9n\u00e9ral de la ligue des Oul\u00e9mas, Maroc\n\nOmar Abdi Directeur Ex\u00e9cutif Adjoint de l\u2019UNICEF\n\nMs Elis Shafak auteure, Turquie\n\nDr Rajwant Singh Pr\u00e9sident d\u2019ecosikh, US\n\nGrand s\u00e9rign\u00e9 Abdou Aziz et M.Abdoulane Wayne, Repr\u00e9sentant les communaut\u00e9s Mourides et Tidjanes du S\u00e9n\u00e9gal\n\n&nbsp;\n\nEn conclusion de ce sommet, que dire sinon que chaque individu a une responsabilit\u00e9 et un r\u00f4le \u00e0 jouer dans le pr\u00e9sent et l\u2019avenir de notre monde, et que le tout est plus que la somme des parties.\n\nPauline Dumail\n\n&nbsp;","_et_gb_content_width":"","_price":"","_stock":"","_tribe_ticket_header":"","_tribe_default_ticket_provider":"","_tribe_ticket_capacity":"0","_ticket_start_date":"","_ticket_end_date":"","_tribe_ticket_show_description":"","_tribe_ticket_show_not_going":false,"_tribe_ticket_use_global_stock":"","_tribe_ticket_global_stock_level":"","_global_stock_mode":"","_global_stock_cap":"","_tribe_rsvp_for_event":"","_tribe_ticket_going_count":"","_tribe_ticket_not_going_count":"","_tribe_tickets_list":"[]","_tribe_ticket_has_attendee_info_fields":false,"_EventAllDay":false,"_EventTimezone":"","_EventStartDate":"","_EventEndDate":"","_EventStartDateUTC":"","_EventEndDateUTC":"","_EventShowMap":false,"_EventShowMapLink":false,"_EventURL":"","_EventCost":"","_EventCostDescription":"","_EventCurrencySymbol":"","_EventCurrencyCode":"","_EventCurrencyPosition":"","_EventDateTimeSeparator":"","_EventTimeRangeSeparator":"","_EventOrganizerID":[],"_EventVenueID":[],"_OrganizerEmail":"","_OrganizerPhone":"","_OrganizerWebsite":"","_VenueAddress":"","_VenueCity":"","_VenueCountry":"","_VenueProvince":"","_VenueState":"","_VenueZip":"","_VenuePhone":"","_VenueURL":"","_VenueStateProvince":"","_VenueLat":"","_VenueLng":"","_VenueShowMap":false,"_VenueShowMapLink":false,"footnotes":""},"categories":[25,1,26],"tags":[],"class_list":["post-1213","post","type-post","status-publish","format-standard","hentry","category-biodiversite","category-non-classe","category-prose-sensorielle"],"aioseo_notices":[],"_links":{"self":[{"href":"https:\/\/paulinedumail.com\/index.php\/wp-json\/wp\/v2\/posts\/1213","targetHints":{"allow":["GET"]}}],"collection":[{"href":"https:\/\/paulinedumail.com\/index.php\/wp-json\/wp\/v2\/posts"}],"about":[{"href":"https:\/\/paulinedumail.com\/index.php\/wp-json\/wp\/v2\/types\/post"}],"author":[{"embeddable":true,"href":"https:\/\/paulinedumail.com\/index.php\/wp-json\/wp\/v2\/users\/1"}],"replies":[{"embeddable":true,"href":"https:\/\/paulinedumail.com\/index.php\/wp-json\/wp\/v2\/comments?post=1213"}],"version-history":[{"count":8,"href":"https:\/\/paulinedumail.com\/index.php\/wp-json\/wp\/v2\/posts\/1213\/revisions"}],"predecessor-version":[{"id":20044,"href":"https:\/\/paulinedumail.com\/index.php\/wp-json\/wp\/v2\/posts\/1213\/revisions\/20044"}],"wp:attachment":[{"href":"https:\/\/paulinedumail.com\/index.php\/wp-json\/wp\/v2\/media?parent=1213"}],"wp:term":[{"taxonomy":"category","embeddable":true,"href":"https:\/\/paulinedumail.com\/index.php\/wp-json\/wp\/v2\/categories?post=1213"},{"taxonomy":"post_tag","embeddable":true,"href":"https:\/\/paulinedumail.com\/index.php\/wp-json\/wp\/v2\/tags?post=1213"}],"curies":[{"name":"wp","href":"https:\/\/api.w.org\/{rel}","templated":true}]}}