{"id":1089,"date":"2015-03-02T11:30:21","date_gmt":"2015-03-02T11:30:21","guid":{"rendered":"http:\/\/blog.litsee.com\/?p=1089"},"modified":"2020-05-09T07:41:42","modified_gmt":"2020-05-09T05:41:42","slug":"la-lessive-du-printemps","status":"publish","type":"post","link":"https:\/\/paulinedumail.com\/index.php\/2015\/03\/02\/la-lessive-du-printemps\/","title":{"rendered":"La Lessive du Printemps"},"content":{"rendered":"<p>[et_pb_section fb_built=\u00a0\u00bb1&Prime; _builder_version=\u00a0\u00bb3.22&Prime;][et_pb_row _builder_version=\u00a0\u00bb3.25&Prime; background_size=\u00a0\u00bbinitial\u00a0\u00bb background_position=\u00a0\u00bbtop_left\u00a0\u00bb background_repeat=\u00a0\u00bbrepeat\u00a0\u00bb][et_pb_column type=\u00a0\u00bb4_4&Prime; _builder_version=\u00a0\u00bb3.25&Prime; custom_padding=\u00a0\u00bb|||\u00a0\u00bb custom_padding__hover=\u00a0\u00bb|||\u00a0\u00bb][et_pb_text _builder_version=\u00a0\u00bb3.27.4&Prime; background_size=\u00a0\u00bbinitial\u00a0\u00bb background_position=\u00a0\u00bbtop_left\u00a0\u00bb background_repeat=\u00a0\u00bbrepeat\u00a0\u00bb]<\/p>\n<p>&nbsp;<\/p>\n<p>Ce matin c\u2019est le soleil qui a accueilli ce d\u00e9but de semaine. J\u2019en ai profit\u00e9 pour foncer dehors. Rentr\u00e9e depuis \u00bd heure, je viens de vivre depuis mon cocon douillet la grande lessive du printemps, avec joie et reconnaissance. Tout \u00e0 coup, la lumi\u00e8re s\u2019est assombrie, et en regardant par la fen\u00eatre, j\u2019ai vu un voile d\u2019eau se promenant au gr\u00e9 du vent, un bout de ciel gris au-dessus, un bout de ciel bleu au loin. Puis le vent s\u2019est mis \u00e0 siffler, les bambous \u00e0 se courber, la pluie \u00e0 devenir plus drue, \u00e0 vous faire blottir de bonheur au creux du canap\u00e9 tout chaud. Et \u00e7a s\u2019est arr\u00eat\u00e9, aussi vite que c\u2019est venu.<\/p>\n<p>Et moi j\u2019ai de la p\u00e9tillance dans le c\u0153ur.&nbsp; La sensation que Dame Nature vient de nous donner un message important&nbsp;: \u00ab&nbsp;c\u2019est la grande lessive, celle qui lave les mor\u00e7ures de l\u2019hiver. Laver la terre, laver les arbres et leurs bourgeons, laver les oiseaux, laver ton c\u0153ur. Rena\u00eetre, recommencer.\u00a0\u00bb<\/p>\n<p>C\u2019est dr\u00f4le comme certains \u00e9v\u00e9nements qui durent quelques instants peuvent parfois vous laisser la sensation et la conscience dans l\u2019instant qu\u2019ils sont primordiaux et m\u00e9ritent toute notre attention dans le cours des choses. Cette eau a\u00e9rienne destin\u00e9e \u00e0 arroser la terre vient ranimer le feu pr\u00e9sent en toute chose.<\/p>\n<p>Et voil\u00e0 le soleil qui revient pour le point final de cette escapade po\u00e9tique bien qu&rsquo;en prose et naturaliste \ud83d\ude42<\/p>\n<p>Bonne semaine \u00e0 tous !<\/p>\n<p>Pauline Dumail<\/p>\n<p><!-- divi:block {\"ref\":14675} \/-->[\/et_pb_text][et_pb_button button_url=\u00a0\u00bbhttps:\/\/paulinedumail.com\/index.php\/blog\/\u00a0\u00bb button_text=\u00a0\u00bbPublications du blog\u00a0\u00bb button_alignment=\u00a0\u00bbleft\u00a0\u00bb _builder_version=\u00a0\u00bb4.4.5&Prime; custom_button=\u00a0\u00bbon\u00a0\u00bb button_text_size=\u00a0\u00bb16px\u00a0\u00bb][\/et_pb_button][\/et_pb_column][\/et_pb_row][\/et_pb_section]<\/p>\n","protected":false},"excerpt":{"rendered":"<p>Pauline Dumail<br \/>\nc\u2019est la grande lessive, celle qui lave les mor\u00e7ures de l\u2019hiver. Laver la terre, laver les arbres et leurs bourgeons, laver les oiseaux, laver ton c\u0153ur. Rena\u00eetre, recommencer. Cette eau a\u00e9rienne destin\u00e9e \u00e0 arroser la terre vient ranimer le feu pr\u00e9sent en toute chose.<\/p>\n","protected":false},"author":1,"featured_media":0,"comment_status":"open","ping_status":"open","sticky":false,"template":"","format":"standard","meta":{"_et_pb_use_builder":"on","_et_pb_old_content":"<p>&nbsp;<\/p>\n<p>Ce matin c\u2019est le soleil qui a accueilli ce d\u00e9but de semaine. J\u2019en ai profit\u00e9 pour foncer dehors. Rentr\u00e9e depuis \u00bd heure, je viens de vivre depuis mon cocon douillet la grande lessive du printemps, avec joie et reconnaissance. Tout \u00e0 coup, la lumi\u00e8re s\u2019est assombrie, et en regardant par la fen\u00eatre, j\u2019ai vu un voile d\u2019eau se promenant au gr\u00e9 du vent, un bout de ciel gris au-dessus, un bout de ciel bleu au loin. Puis le vent s\u2019est mis \u00e0 siffler, les bambous \u00e0 se courber, la pluie \u00e0 devenir plus drue, \u00e0 vous faire blottir de bonheur au creux du canap\u00e9 tout chaud. Et \u00e7a s\u2019est arr\u00eat\u00e9, aussi vite que c\u2019est venu.<\/p>\n<p>Et moi j\u2019ai de la p\u00e9tillance dans le c\u0153ur.&nbsp; La sensation que Dame Nature vient de nous donner un message important&nbsp;: \u00ab&nbsp;c\u2019est la grande lessive, celle qui lave les mor\u00e7ures de l\u2019hiver. Laver la terre, laver les arbres et leurs bourgeons, laver les oiseaux, laver ton c\u0153ur. Rena\u00eetre, recommencer.\"<\/p>\n<p>C\u2019est dr\u00f4le comme certains \u00e9v\u00e9nements qui durent quelques instants peuvent parfois vous laisser la sensation et la conscience dans l\u2019instant qu\u2019ils sont primordiaux et m\u00e9ritent toute notre attention dans le cours des choses. Cette eau a\u00e9rienne destin\u00e9e \u00e0 arroser la terre vient ranimer le feu pr\u00e9sent en toute chose.<\/p>\n<p>Et voil\u00e0 le soleil qui revient pour le point final de cette escapade po\u00e9tique bien qu'en prose et naturaliste :)<\/p>\n<p>Bonne semaine \u00e0 tous !<\/p>\n<p>Pauline Dumail<\/p>\n\n<!-- wp:block {\"ref\":14675} \/-->","_et_gb_content_width":"","_price":"","_stock":"","_tribe_ticket_header":"","_tribe_default_ticket_provider":"","_tribe_ticket_capacity":"0","_ticket_start_date":"","_ticket_end_date":"","_tribe_ticket_show_description":"","_tribe_ticket_show_not_going":false,"_tribe_ticket_use_global_stock":"","_tribe_ticket_global_stock_level":"","_global_stock_mode":"","_global_stock_cap":"","_tribe_rsvp_for_event":"","_tribe_ticket_going_count":"","_tribe_ticket_not_going_count":"","_tribe_tickets_list":"[]","_tribe_ticket_has_attendee_info_fields":false,"_EventAllDay":false,"_EventTimezone":"","_EventStartDate":"","_EventEndDate":"","_EventStartDateUTC":"","_EventEndDateUTC":"","_EventShowMap":false,"_EventShowMapLink":false,"_EventURL":"","_EventCost":"","_EventCostDescription":"","_EventCurrencySymbol":"","_EventCurrencyCode":"","_EventCurrencyPosition":"","_EventDateTimeSeparator":"","_EventTimeRangeSeparator":"","_EventOrganizerID":[],"_EventVenueID":[],"_OrganizerEmail":"","_OrganizerPhone":"","_OrganizerWebsite":"","_VenueAddress":"","_VenueCity":"","_VenueCountry":"","_VenueProvince":"","_VenueState":"","_VenueZip":"","_VenuePhone":"","_VenueURL":"","_VenueStateProvince":"","_VenueLat":"","_VenueLng":"","_VenueShowMap":false,"_VenueShowMapLink":false,"footnotes":""},"categories":[26],"tags":[],"class_list":["post-1089","post","type-post","status-publish","format-standard","hentry","category-prose-sensorielle"],"aioseo_notices":[],"_links":{"self":[{"href":"https:\/\/paulinedumail.com\/index.php\/wp-json\/wp\/v2\/posts\/1089","targetHints":{"allow":["GET"]}}],"collection":[{"href":"https:\/\/paulinedumail.com\/index.php\/wp-json\/wp\/v2\/posts"}],"about":[{"href":"https:\/\/paulinedumail.com\/index.php\/wp-json\/wp\/v2\/types\/post"}],"author":[{"embeddable":true,"href":"https:\/\/paulinedumail.com\/index.php\/wp-json\/wp\/v2\/users\/1"}],"replies":[{"embeddable":true,"href":"https:\/\/paulinedumail.com\/index.php\/wp-json\/wp\/v2\/comments?post=1089"}],"version-history":[{"count":8,"href":"https:\/\/paulinedumail.com\/index.php\/wp-json\/wp\/v2\/posts\/1089\/revisions"}],"predecessor-version":[{"id":20051,"href":"https:\/\/paulinedumail.com\/index.php\/wp-json\/wp\/v2\/posts\/1089\/revisions\/20051"}],"wp:attachment":[{"href":"https:\/\/paulinedumail.com\/index.php\/wp-json\/wp\/v2\/media?parent=1089"}],"wp:term":[{"taxonomy":"category","embeddable":true,"href":"https:\/\/paulinedumail.com\/index.php\/wp-json\/wp\/v2\/categories?post=1089"},{"taxonomy":"post_tag","embeddable":true,"href":"https:\/\/paulinedumail.com\/index.php\/wp-json\/wp\/v2\/tags?post=1089"}],"curies":[{"name":"wp","href":"https:\/\/api.w.org\/{rel}","templated":true}]}}