{"id":1073,"date":"2015-01-04T18:49:31","date_gmt":"2015-01-04T18:49:31","guid":{"rendered":"http:\/\/blog.litsee.com\/?p=1073"},"modified":"2020-05-14T09:56:38","modified_gmt":"2020-05-14T07:56:38","slug":"2015-lannee-de-la-recolte","status":"publish","type":"post","link":"https:\/\/paulinedumail.com\/index.php\/2015\/01\/04\/2015-lannee-de-la-recolte\/","title":{"rendered":"2015 : L&rsquo;ANNEE DU PATCHOULI"},"content":{"rendered":"\n[et_pb_section fb_built=\u00a0\u00bb1&Prime; _builder_version=\u00a0\u00bb3.22&Prime;][et_pb_row _builder_version=\u00a0\u00bb3.25&Prime; background_size=\u00a0\u00bbinitial\u00a0\u00bb background_position=\u00a0\u00bbtop_left\u00a0\u00bb background_repeat=\u00a0\u00bbrepeat\u00a0\u00bb][et_pb_column type=\u00a0\u00bb4_4&Prime; _builder_version=\u00a0\u00bb3.25&Prime; custom_padding=\u00a0\u00bb|||\u00a0\u00bb custom_padding__hover=\u00a0\u00bb|||\u00a0\u00bb][et_pb_text _builder_version=\u00a0\u00bb3.27.4&Prime; background_size=\u00a0\u00bbinitial\u00a0\u00bb background_position=\u00a0\u00bbtop_left\u00a0\u00bb background_repeat=\u00a0\u00bbrepeat\u00a0\u00bb]<h1><strong><span style=\"text-decoration: underline;\">2015 : un cru aux effluves de Patchouli<\/span><\/strong><\/h1>\n<p><a href=\"http:\/\/maurice.liamud.com\/paulinedumail\/wp-content\/uploads\/2015\/01\/2015.jpg\"><\/a><\/p>\n<p>Le patchouli (Pogostemon Cablin) est une herbe aromatique pouvant d\u00e9passer 1 m\u00e8tre de haut, tropicale, aux feuilles larges et velout\u00e9es, de la famille des lamiac\u00e9es. Il est surtout cultiv\u00e9 en Indon\u00e9sie et aux Philippines. Une fois distill\u00e9e, l&rsquo;huile essentielle doit vieillir plusieurs mois en f\u00fbt afin de perdre son amertume.<\/p>\n<p>La plante fra\u00eeche n&rsquo;exhale aucune odeur. C&rsquo;est la distillation qui permet d&rsquo;obtenir ces notes si sp\u00e9cifiques, bois\u00e9es, terreuses, liquoreuses, avec des accents fum\u00e9es, \u00ab\u00a0mousses\u00a0\u00bb.<\/p>\n<p>Il se d\u00e9gage de cette essence une \u00e9nergie en \u00e9bullition, celle du d\u00e9but d&rsquo;automne, le mois de septembre, qui a emmagasin\u00e9 et redistribue toute l&rsquo;\u00e9nergie solaire estivale et printani\u00e8re. En \u00e9bullition, oui, mais temp\u00e9r\u00e9e par la maturit\u00e9 et la conscience que son aspect terre lui conf\u00e8re. Elle attire et elle d\u00e9range \u00e0 la fois, car elle fait sortir celui qui la re\u00e7oit hors de sa zone de confort, de sa routine quotidienne.<\/p>\n<p>Son message : <strong>\u00ab\u00a0Deviens qui tu es\u00a0\u00bb<\/strong><\/p>\n<p>Tous mes voeux de bonheur, sant\u00e9, r\u00e9ussite et accomplissement pour 2015. Que la r\u00e9colte de vos efforts pass\u00e9s soit bonne, tr\u00e8s bonne !<\/p>\n<p>Pauline Dumail<\/p>\n<!-- divi:block {\"ref\":14675} \/-->[\/et_pb_text][et_pb_button button_url=\u00a0\u00bbhttps:\/\/paulinedumail.com\/index.php\/blog\/\u00a0\u00bb button_text=\u00a0\u00bbPublications du blog\u00a0\u00bb button_alignment=\u00a0\u00bbleft\u00a0\u00bb _builder_version=\u00a0\u00bb4.4.5&Prime; custom_button=\u00a0\u00bbon\u00a0\u00bb button_text_size=\u00a0\u00bb16px\u00a0\u00bb][\/et_pb_button][\/et_pb_column][\/et_pb_row][et_pb_row _builder_version=\u00a0\u00bb4.4.5&Prime; column_structure=\u00a0\u00bb1_4,1_2,1_4&Prime;][et_pb_column _builder_version=\u00a0\u00bb4.4.5&Prime; type=\u00a0\u00bb1_4&Prime;][et_pb_image src=\u00a0\u00bbhttps:\/\/paulinedumail.com\/wp-content\/uploads\/2014\/12\/patchouli-nld.jpg\u00a0\u00bb _builder_version=\u00a0\u00bb4.4.5&Prime; title_text=\u00a0\u00bbEn 2015, deviens qui tu es,avec l&rsquo;essence de Patchouli. Meilleurs v\u0153ux !\u00a0\u00bb hover_enabled=\u00a0\u00bb0&Prime;][\/et_pb_image][\/et_pb_column][et_pb_column _builder_version=\u00a0\u00bb4.4.5&Prime; type=\u00a0\u00bb1_2&Prime;][\/et_pb_column][et_pb_column _builder_version=\u00a0\u00bb4.4.5&Prime; type=\u00a0\u00bb1_4&Prime;][\/et_pb_column][\/et_pb_row][\/et_pb_section]\n","protected":false},"excerpt":{"rendered":"<p>Une \u00e9nergie en \u00e9bullition pour cette essence , celle du mois de septembre, qui a emmagasin\u00e9 et redistribue toute l\u2019\u00e9nergie solaire estivale et printani\u00e8re. En \u00e9bullition, oui, mais temp\u00e9r\u00e9e par la maturit\u00e9 et la conscience que son aspect terre lui conf\u00e8re.<\/p>\n","protected":false},"author":1,"featured_media":0,"comment_status":"open","ping_status":"open","sticky":false,"template":"","format":"standard","meta":{"_et_pb_use_builder":"on","_et_pb_old_content":"<h1><strong><span style=\"text-decoration: underline;\">2015 : un cru aux effluves de Patchouli<\/span><\/strong><\/h1>\n<p><a href=\"http:\/\/maurice.liamud.com\/paulinedumail\/wp-content\/uploads\/2015\/01\/2015.jpg\"><img class=\"size-full wp-image-1085 alignnone\" title=\"En 2015, deviens qui tu es,avec l'essence de Patchouli. Meilleurs v\u0153ux !\" src=\"http:\/\/maurice.liamud.com\/paulinedumail\/wp-content\/uploads\/2015\/01\/2015.jpg\" alt=\"\" width=\"600\" height=\"424\"><\/a><\/p>\n<p>Le patchouli (Pogostemon Cablin) est une herbe aromatique pouvant d\u00e9passer 1 m\u00e8tre de haut, tropicale, aux feuilles larges et velout\u00e9es, de la famille des lamiac\u00e9es. Il est surtout cultiv\u00e9 en Indon\u00e9sie et aux Philippines. Une fois distill\u00e9e, l'huile essentielle doit vieillir plusieurs mois en f\u00fbt afin de perdre son amertume.<\/p>\n<p>La plante fra\u00eeche n'exhale aucune odeur. C'est la distillation qui permet d'obtenir ces notes si sp\u00e9cifiques, bois\u00e9es, terreuses, liquoreuses, avec des accents fum\u00e9es, \"mousses\".<\/p>\n<p>Il se d\u00e9gage de cette essence une \u00e9nergie en \u00e9bullition, celle du d\u00e9but d'automne, le mois de septembre, qui a emmagasin\u00e9 et redistribue toute l'\u00e9nergie solaire estivale et printani\u00e8re. En \u00e9bullition, oui, mais temp\u00e9r\u00e9e par la maturit\u00e9 et la conscience que son aspect terre lui conf\u00e8re. Elle attire et elle d\u00e9range \u00e0 la fois, car elle fait sortir celui qui la re\u00e7oit hors de sa zone de confort, de sa routine quotidienne.<\/p>\n<p>Son message : <strong>\"Deviens qui tu es\"<\/strong><\/p>\n<p>Tous mes voeux de bonheur, sant\u00e9, r\u00e9ussite et accomplissement pour 2015. Que la r\u00e9colte de vos efforts pass\u00e9s soit bonne, tr\u00e8s bonne !<\/p>\n<p>Pauline Dumail<\/p>\n\n<!-- wp:block {\"ref\":14675} \/-->","_et_gb_content_width":"","_price":"","_stock":"","_tribe_ticket_header":"","_tribe_default_ticket_provider":"","_tribe_ticket_capacity":"0","_ticket_start_date":"","_ticket_end_date":"","_tribe_ticket_show_description":"","_tribe_ticket_show_not_going":false,"_tribe_ticket_use_global_stock":"","_tribe_ticket_global_stock_level":"","_global_stock_mode":"","_global_stock_cap":"","_tribe_rsvp_for_event":"","_tribe_ticket_going_count":"","_tribe_ticket_not_going_count":"","_tribe_tickets_list":"[]","_tribe_ticket_has_attendee_info_fields":false,"_EventAllDay":false,"_EventTimezone":"","_EventStartDate":"","_EventEndDate":"","_EventStartDateUTC":"","_EventEndDateUTC":"","_EventShowMap":false,"_EventShowMapLink":false,"_EventURL":"","_EventCost":"","_EventCostDescription":"","_EventCurrencySymbol":"","_EventCurrencyCode":"","_EventCurrencyPosition":"","_EventDateTimeSeparator":"","_EventTimeRangeSeparator":"","_EventOrganizerID":[],"_EventVenueID":[],"_OrganizerEmail":"","_OrganizerPhone":"","_OrganizerWebsite":"","_VenueAddress":"","_VenueCity":"","_VenueCountry":"","_VenueProvince":"","_VenueState":"","_VenueZip":"","_VenuePhone":"","_VenueURL":"","_VenueStateProvince":"","_VenueLat":"","_VenueLng":"","_VenueShowMap":false,"_VenueShowMapLink":false,"footnotes":""},"categories":[23,1,26],"tags":[],"class_list":["post-1073","post","type-post","status-publish","format-standard","hentry","category-aroma","category-non-classe","category-prose-sensorielle"],"aioseo_notices":[],"_links":{"self":[{"href":"https:\/\/paulinedumail.com\/index.php\/wp-json\/wp\/v2\/posts\/1073","targetHints":{"allow":["GET"]}}],"collection":[{"href":"https:\/\/paulinedumail.com\/index.php\/wp-json\/wp\/v2\/posts"}],"about":[{"href":"https:\/\/paulinedumail.com\/index.php\/wp-json\/wp\/v2\/types\/post"}],"author":[{"embeddable":true,"href":"https:\/\/paulinedumail.com\/index.php\/wp-json\/wp\/v2\/users\/1"}],"replies":[{"embeddable":true,"href":"https:\/\/paulinedumail.com\/index.php\/wp-json\/wp\/v2\/comments?post=1073"}],"version-history":[{"count":10,"href":"https:\/\/paulinedumail.com\/index.php\/wp-json\/wp\/v2\/posts\/1073\/revisions"}],"predecessor-version":[{"id":20456,"href":"https:\/\/paulinedumail.com\/index.php\/wp-json\/wp\/v2\/posts\/1073\/revisions\/20456"}],"wp:attachment":[{"href":"https:\/\/paulinedumail.com\/index.php\/wp-json\/wp\/v2\/media?parent=1073"}],"wp:term":[{"taxonomy":"category","embeddable":true,"href":"https:\/\/paulinedumail.com\/index.php\/wp-json\/wp\/v2\/categories?post=1073"},{"taxonomy":"post_tag","embeddable":true,"href":"https:\/\/paulinedumail.com\/index.php\/wp-json\/wp\/v2\/tags?post=1073"}],"curies":[{"name":"wp","href":"https:\/\/api.w.org\/{rel}","templated":true}]}}